{"id":1466,"date":"2019-02-19T12:51:52","date_gmt":"2019-02-19T11:51:52","guid":{"rendered":"https:\/\/www.ses-sterling.com\/blog\/?p=1466"},"modified":"2023-09-26T11:19:59","modified_gmt":"2023-09-26T09:19:59","slug":"jubiles-2019","status":"publish","type":"post","link":"https:\/\/www.ses-sterling.com\/blog\/jubiles-2019\/","title":{"rendered":"Jubil\u00e9s 2019 : la rencontre annuelle de SES-STERLING"},"content":{"rendered":"<p>Comme chaque ann\u00e9e, la f\u00eate du personnel de SES-STERLING a eu lieu au complexe RiveRhin \u00e0 Village-Neuf, le 8 f\u00e9vrier dernier.<br \/>Au programme :\u00a0 le discours de M. Daniel Rollier, la distribution des m\u00e9dailles du travail et des Jubil\u00e9s suivie d&#8217;un repas, un peu de danse et des jeux afin d&#8217;agr\u00e9menter le tout.<\/p>\n<p><!--more--><\/p>\n\n\n<h2 class=\"wp-block-heading advgb-dyn-31f0c747\">&nbsp;Discours de M. Daniel Rollier<\/h2>\n\n\n<div class=\"wp-block-image\">\n<figure class=\"aligncenter advgb-dyn-b6ca9b75\"><img decoding=\"async\" width=\"640\" height=\"427\" data-src=\"https:\/\/www.ses-sterling.com\/blog\/wp-content\/uploads\/2019\/02\/jubiles2019-daniel-rollier.jpg\" alt=\"Daniel Rollier pr\u00e9sentant les chiffres d'affaires du groupe SES-STERLING\" class=\"wp-image-1599 lazyload\" data-srcset=\"https:\/\/www.ses-sterling.com\/blog\/wp-content\/uploads\/2019\/02\/jubiles2019-daniel-rollier.jpg 640w, https:\/\/www.ses-sterling.com\/blog\/wp-content\/uploads\/2019\/02\/jubiles2019-daniel-rollier-300x200.jpg 300w, https:\/\/www.ses-sterling.com\/blog\/wp-content\/uploads\/2019\/02\/jubiles2019-daniel-rollier-272x182.jpg 272w\" data-sizes=\"(max-width: 640px) 100vw, 640px\" src=\"data:image\/svg+xml;base64,PHN2ZyB3aWR0aD0iMSIgaGVpZ2h0PSIxIiB4bWxucz0iaHR0cDovL3d3dy53My5vcmcvMjAwMC9zdmciPjwvc3ZnPg==\" style=\"--smush-placeholder-width: 640px; --smush-placeholder-aspect-ratio: 640\/427;\" \/><figcaption class=\"wp-element-caption\">Daniel Rollier pr\u00e9sentant les chiffres d&#8217;affaires du groupe SES-STERLING<\/figcaption><\/figure>\n<\/div>\n\n\n<p>Les Jubil\u00e9s 2019 ont d\u00e9but\u00e9 par le discours de <strong>M. Daniel Rollier<\/strong>, Directeur G\u00e9n\u00e9ral de SES-STERLING, mettant l&#8217;accent sur l&#8217;importance d&#8217;<strong>\u00eatre ensemble<\/strong>. Ce moment a \u00e9t\u00e9 l&#8217;occasion de <strong>faire le bilan<\/strong> de l&#8217;ann\u00e9e 2018 et de <strong>pr\u00e9senter les objectifs et projets futurs<\/strong>.<\/p>\n\n\n\n<p>Plusieurs points ont \u00e9t\u00e9 abord\u00e9s, dont :<\/p>\n\n\n\n<ul class=\"wp-block-list\">\n<li>l&#8217;\u00e9volution des chiffres d&#8217;affaires du groupe ;<\/li>\n\n\n\n<li>l&#8217;installation de nouvelles machines afin de moderniser le parc industriel ;<\/li>\n\n\n\n<li>les nouveaux produits-phares de l&#8217;entreprise dont le <a href=\"https:\/\/www.ses-sterling.com\/Documentation.html?pdf=096000030034F_Pliostrap8.pdf\">syst\u00e8me de rep\u00e9rage PLIOSTRAP-8<\/a>, \u00e0 destination de l&#8217;\u00e9clairage public ;<\/li>\n\n\n\n<li>le <a href=\"https:\/\/www.ses-sterling.com\/entreprise\/carrieres\/\">recrutement<\/a> de plusieurs personnes en CDI ;<\/li>\n\n\n\n<li>le <a href=\"https:\/\/www.ses-sterling.com\/blog\/demenagement-de-ses-sterling-s-a\/\">projet H\u00e9singue 2020<\/a> ;<\/li>\n\n\n\n<li>et bien d&#8217;autres sujets encore &#8230; <\/li>\n<\/ul>\n\n\n\n<h2 class=\"wp-block-heading advgb-dyn-6dcbf7a4\">Remise des m\u00e9dailles et r\u00e9compenses des Jubil\u00e9s<\/h2>\n\n\n\n<p>Apr\u00e8s un discours riche, les <strong>m\u00e9dailles du travail<\/strong> et les <strong>r\u00e9compenses des Jubil\u00e9s<\/strong> pour les ann\u00e9es de service effectu\u00e9s chez SES-STERLING ont \u00e9t\u00e9 distribu\u00e9s :<\/p>\n\n\n\n<h3 class=\"wp-block-heading advgb-dyn-6a6a841d\">M\u00e9dailles du travail<\/h3>\n\n\n\n<ul class=\"wp-block-list\">\n<li><strong>Argent<\/strong> : CHARGUI Najah, MULLER Rapha\u00ebl, PETER S\u00e9verine<\/li>\n\n\n\n<li><strong>Vermeil<\/strong> : ARILLOTTA Rosario, DURIATTI Pascal, LOUIS Francis, SCHULLER Dominique<\/li>\n\n\n\n<li><strong>Or<\/strong> : AMOATENG Alexander, BENOIST Jean-Claude, RUCKLIN Fabienne, SCHMITT Michel<\/li>\n\n\n\n<li><strong>Grand Or<\/strong> : LITZLER Carmen, ODEN Patrice<\/li>\n<\/ul>\n\n\n\n<h3 class=\"wp-block-heading advgb-dyn-9346138a\">Jubil\u00e9s<\/h3>\n\n\n\n<ul class=\"wp-block-list\">\n<li><strong>10 ans<\/strong> : BOUQUANT C\u00e9cilia, MAIGRET Jean-Paul, ROSSAT Damien, SCHMITT Rapha\u00ebl<\/li>\n\n\n\n<li><strong>15 ans<\/strong> : ASANTE Sandy, GIANCOLA Katia, HIRLEMANN Emilie, JACQUINOT Martine, MONNIER Yves, MOROSINOTTO C\u00e9sar, ORTIS Christophe, SCHMIDLIN Michel, SITA Mathieu, VAIRAC Martial<\/li>\n\n\n\n<li><strong>20 ans<\/strong> : ANTWI BOASIAKO Amoakohene, CRONENBERGER Serge, MULLER Rapha\u00ebl, PERNOT St\u00e9phane, PETER S\u00e9verine, SCHMITT Michel<\/li>\n\n\n\n<li><strong>25 ans<\/strong> : BATACHE Val\u00e9rie, JACQUINOT Christelle, JOURDAN J\u00e9r\u00f4me, WOEHRLE Sylvie<\/li>\n\n\n\n<li><strong>30 ans<\/strong> : BENOIST Jean-Claude, DAVID Edna Helena, DURIATTI Pascal<\/li>\n\n\n\n<li><strong>40 ans<\/strong> : LITZLER Carmen<\/li>\n<\/ul>\n\n\n<div id=\"metaslider-id-1478\" style=\"max-width: 700px;\" class=\"ml-slider-3-107-0 metaslider metaslider-flex metaslider-1478 ml-slider has-dots-nav ml-slider-lightbox-2-22-0 wp-colorbox-1-1-6 ms-theme-default\" role=\"region\" aria-label=\"Jubil\u00e9s 2019 - M\u00e9daill\u00e9s\" data-height=\"300\" data-width=\"700\">\n    <div id=\"metaslider_container_1478\">\n        <div id=\"metaslider_1478\">\n            <ul class='slides'>\n                <li style=\"display: block; width: 100%;\" class=\"slide-1602 ms-image \" aria-roledescription=\"slide\" data-date=\"2019-02-19 12:51:10\" data-filename=\"jubiles2019-10.jpg\" data-slide-type=\"image\"><img decoding=\"async\" width=\"640\" height=\"427\" data-src=\"https:\/\/www.ses-sterling.com\/blog\/wp-content\/uploads\/2019\/02\/jubiles2019-10.jpg\" class=\"slider-1478 slide-1602 msDefaultImage ml-lightbox-enabled lazyload\" alt=\"Remise des m\u00e9dailles et des Jubil\u00e9s (2019)\" rel=\"\" title=\"jubiles2019-10\" style=\"--smush-placeholder-width: 640px; --smush-placeholder-aspect-ratio: 640\/427;margin: 0 auto; width: 64.235530277685%\" data-srcset=\"https:\/\/www.ses-sterling.com\/blog\/wp-content\/uploads\/2019\/02\/jubiles2019-10.jpg 640w, https:\/\/www.ses-sterling.com\/blog\/wp-content\/uploads\/2019\/02\/jubiles2019-10-300x200.jpg 300w, https:\/\/www.ses-sterling.com\/blog\/wp-content\/uploads\/2019\/02\/jubiles2019-10-272x182.jpg 272w\" data-sizes=\"100vw\" src=\"data:image\/svg+xml;base64,PHN2ZyB3aWR0aD0iMSIgaGVpZ2h0PSIxIiB4bWxucz0iaHR0cDovL3d3dy53My5vcmcvMjAwMC9zdmciPjwvc3ZnPg==\" \/><\/li>\n                <li style=\"display: none; width: 100%;\" class=\"slide-1603 ms-image \" aria-roledescription=\"slide\" data-date=\"2019-02-19 12:51:11\" data-filename=\"jubiles2019-11.jpg\" data-slide-type=\"image\"><img decoding=\"async\" width=\"640\" height=\"427\" data-src=\"https:\/\/www.ses-sterling.com\/blog\/wp-content\/uploads\/2019\/02\/jubiles2019-11.jpg\" class=\"slider-1478 slide-1603 msDefaultImage ml-lightbox-enabled lazyload\" alt=\"Remise des m\u00e9dailles et des Jubil\u00e9s (2019)\" rel=\"\" title=\"jubiles2019-11\" style=\"--smush-placeholder-width: 640px; --smush-placeholder-aspect-ratio: 640\/427;margin: 0 auto; width: 64.235530277685%\" data-srcset=\"https:\/\/www.ses-sterling.com\/blog\/wp-content\/uploads\/2019\/02\/jubiles2019-11.jpg 640w, https:\/\/www.ses-sterling.com\/blog\/wp-content\/uploads\/2019\/02\/jubiles2019-11-300x200.jpg 300w, https:\/\/www.ses-sterling.com\/blog\/wp-content\/uploads\/2019\/02\/jubiles2019-11-272x182.jpg 272w\" data-sizes=\"100vw\" src=\"data:image\/svg+xml;base64,PHN2ZyB3aWR0aD0iMSIgaGVpZ2h0PSIxIiB4bWxucz0iaHR0cDovL3d3dy53My5vcmcvMjAwMC9zdmciPjwvc3ZnPg==\" \/><\/li>\n                <li style=\"display: none; width: 100%;\" class=\"slide-1604 ms-image \" aria-roledescription=\"slide\" data-date=\"2019-02-19 12:51:11\" data-filename=\"jubiles2019-9.jpg\" data-slide-type=\"image\"><img decoding=\"async\" width=\"640\" height=\"427\" data-src=\"https:\/\/www.ses-sterling.com\/blog\/wp-content\/uploads\/2019\/02\/jubiles2019-9.jpg\" class=\"slider-1478 slide-1604 msDefaultImage ml-lightbox-enabled lazyload\" alt=\"Remise des m\u00e9dailles et des Jubil\u00e9s (2019)\" rel=\"\" title=\"jubiles2019-9\" style=\"--smush-placeholder-width: 640px; --smush-placeholder-aspect-ratio: 640\/427;margin: 0 auto; width: 64.235530277685%\" data-srcset=\"https:\/\/www.ses-sterling.com\/blog\/wp-content\/uploads\/2019\/02\/jubiles2019-9.jpg 640w, https:\/\/www.ses-sterling.com\/blog\/wp-content\/uploads\/2019\/02\/jubiles2019-9-300x200.jpg 300w, https:\/\/www.ses-sterling.com\/blog\/wp-content\/uploads\/2019\/02\/jubiles2019-9-272x182.jpg 272w\" data-sizes=\"100vw\" src=\"data:image\/svg+xml;base64,PHN2ZyB3aWR0aD0iMSIgaGVpZ2h0PSIxIiB4bWxucz0iaHR0cDovL3d3dy53My5vcmcvMjAwMC9zdmciPjwvc3ZnPg==\" \/><\/li>\n                <li style=\"display: none; width: 100%;\" class=\"slide-1605 ms-image \" aria-roledescription=\"slide\" data-date=\"2019-02-19 12:51:12\" data-filename=\"jubiles2019-8.jpg\" data-slide-type=\"image\"><img decoding=\"async\" width=\"640\" height=\"427\" data-src=\"https:\/\/www.ses-sterling.com\/blog\/wp-content\/uploads\/2019\/02\/jubiles2019-8.jpg\" class=\"slider-1478 slide-1605 msDefaultImage ml-lightbox-enabled lazyload\" alt=\"Remise des m\u00e9dailles et des Jubil\u00e9s (2019)\" rel=\"\" title=\"jubiles2019-8\" style=\"--smush-placeholder-width: 640px; --smush-placeholder-aspect-ratio: 640\/427;margin: 0 auto; width: 64.235530277685%\" data-srcset=\"https:\/\/www.ses-sterling.com\/blog\/wp-content\/uploads\/2019\/02\/jubiles2019-8.jpg 640w, https:\/\/www.ses-sterling.com\/blog\/wp-content\/uploads\/2019\/02\/jubiles2019-8-300x200.jpg 300w, https:\/\/www.ses-sterling.com\/blog\/wp-content\/uploads\/2019\/02\/jubiles2019-8-272x182.jpg 272w\" data-sizes=\"100vw\" src=\"data:image\/svg+xml;base64,PHN2ZyB3aWR0aD0iMSIgaGVpZ2h0PSIxIiB4bWxucz0iaHR0cDovL3d3dy53My5vcmcvMjAwMC9zdmciPjwvc3ZnPg==\" \/><\/li>\n                <li style=\"display: none; width: 100%;\" class=\"slide-1606 ms-image \" aria-roledescription=\"slide\" data-date=\"2019-02-19 12:51:12\" data-filename=\"jubiles2019-7.jpg\" data-slide-type=\"image\"><img decoding=\"async\" width=\"640\" height=\"427\" data-src=\"https:\/\/www.ses-sterling.com\/blog\/wp-content\/uploads\/2019\/02\/jubiles2019-7.jpg\" class=\"slider-1478 slide-1606 msDefaultImage ml-lightbox-enabled lazyload\" alt=\"Remise des m\u00e9dailles et des Jubil\u00e9s (2019)\" rel=\"\" title=\"jubiles2019-7\" style=\"--smush-placeholder-width: 640px; --smush-placeholder-aspect-ratio: 640\/427;margin: 0 auto; width: 64.235530277685%\" data-srcset=\"https:\/\/www.ses-sterling.com\/blog\/wp-content\/uploads\/2019\/02\/jubiles2019-7.jpg 640w, https:\/\/www.ses-sterling.com\/blog\/wp-content\/uploads\/2019\/02\/jubiles2019-7-300x200.jpg 300w, https:\/\/www.ses-sterling.com\/blog\/wp-content\/uploads\/2019\/02\/jubiles2019-7-272x182.jpg 272w\" data-sizes=\"100vw\" src=\"data:image\/svg+xml;base64,PHN2ZyB3aWR0aD0iMSIgaGVpZ2h0PSIxIiB4bWxucz0iaHR0cDovL3d3dy53My5vcmcvMjAwMC9zdmciPjwvc3ZnPg==\" \/><\/li>\n                <li style=\"display: none; width: 100%;\" class=\"slide-1607 ms-image \" aria-roledescription=\"slide\" data-date=\"2019-02-19 12:51:13\" data-filename=\"jubiles2019-6.jpg\" data-slide-type=\"image\"><img decoding=\"async\" width=\"640\" height=\"427\" data-src=\"https:\/\/www.ses-sterling.com\/blog\/wp-content\/uploads\/2019\/02\/jubiles2019-6.jpg\" class=\"slider-1478 slide-1607 msDefaultImage ml-lightbox-enabled lazyload\" alt=\"Remise des m\u00e9dailles et des Jubil\u00e9s (2019)\" rel=\"\" title=\"jubiles2019-6\" style=\"--smush-placeholder-width: 640px; --smush-placeholder-aspect-ratio: 640\/427;margin: 0 auto; width: 64.235530277685%\" data-srcset=\"https:\/\/www.ses-sterling.com\/blog\/wp-content\/uploads\/2019\/02\/jubiles2019-6.jpg 640w, https:\/\/www.ses-sterling.com\/blog\/wp-content\/uploads\/2019\/02\/jubiles2019-6-300x200.jpg 300w, https:\/\/www.ses-sterling.com\/blog\/wp-content\/uploads\/2019\/02\/jubiles2019-6-272x182.jpg 272w\" data-sizes=\"100vw\" src=\"data:image\/svg+xml;base64,PHN2ZyB3aWR0aD0iMSIgaGVpZ2h0PSIxIiB4bWxucz0iaHR0cDovL3d3dy53My5vcmcvMjAwMC9zdmciPjwvc3ZnPg==\" \/><\/li>\n                <li style=\"display: none; width: 100%;\" class=\"slide-1608 ms-image \" aria-roledescription=\"slide\" data-date=\"2019-02-19 12:51:13\" data-filename=\"jubiles2019-5.jpg\" data-slide-type=\"image\"><img decoding=\"async\" width=\"640\" height=\"427\" data-src=\"https:\/\/www.ses-sterling.com\/blog\/wp-content\/uploads\/2019\/02\/jubiles2019-5.jpg\" class=\"slider-1478 slide-1608 msDefaultImage ml-lightbox-enabled lazyload\" alt=\"Remise des m\u00e9dailles et des Jubil\u00e9s (2019)\" rel=\"\" title=\"jubiles2019-5\" style=\"--smush-placeholder-width: 640px; --smush-placeholder-aspect-ratio: 640\/427;margin: 0 auto; width: 64.235530277685%\" data-srcset=\"https:\/\/www.ses-sterling.com\/blog\/wp-content\/uploads\/2019\/02\/jubiles2019-5.jpg 640w, https:\/\/www.ses-sterling.com\/blog\/wp-content\/uploads\/2019\/02\/jubiles2019-5-300x200.jpg 300w, https:\/\/www.ses-sterling.com\/blog\/wp-content\/uploads\/2019\/02\/jubiles2019-5-272x182.jpg 272w\" data-sizes=\"100vw\" src=\"data:image\/svg+xml;base64,PHN2ZyB3aWR0aD0iMSIgaGVpZ2h0PSIxIiB4bWxucz0iaHR0cDovL3d3dy53My5vcmcvMjAwMC9zdmciPjwvc3ZnPg==\" \/><\/li>\n                <li style=\"display: none; width: 100%;\" class=\"slide-1609 ms-image \" aria-roledescription=\"slide\" data-date=\"2019-02-19 12:51:13\" data-filename=\"jubiles2019-4.jpg\" data-slide-type=\"image\"><img decoding=\"async\" width=\"640\" height=\"427\" data-src=\"https:\/\/www.ses-sterling.com\/blog\/wp-content\/uploads\/2019\/02\/jubiles2019-4.jpg\" class=\"slider-1478 slide-1609 msDefaultImage ml-lightbox-enabled lazyload\" alt=\"Remise des m\u00e9dailles et des Jubil\u00e9s (2019)\" rel=\"\" title=\"jubiles2019-4\" style=\"--smush-placeholder-width: 640px; --smush-placeholder-aspect-ratio: 640\/427;margin: 0 auto; width: 64.235530277685%\" data-srcset=\"https:\/\/www.ses-sterling.com\/blog\/wp-content\/uploads\/2019\/02\/jubiles2019-4.jpg 640w, https:\/\/www.ses-sterling.com\/blog\/wp-content\/uploads\/2019\/02\/jubiles2019-4-300x200.jpg 300w, https:\/\/www.ses-sterling.com\/blog\/wp-content\/uploads\/2019\/02\/jubiles2019-4-272x182.jpg 272w\" data-sizes=\"100vw\" src=\"data:image\/svg+xml;base64,PHN2ZyB3aWR0aD0iMSIgaGVpZ2h0PSIxIiB4bWxucz0iaHR0cDovL3d3dy53My5vcmcvMjAwMC9zdmciPjwvc3ZnPg==\" \/><\/li>\n                <li style=\"display: none; width: 100%;\" class=\"slide-1610 ms-image \" aria-roledescription=\"slide\" data-date=\"2019-02-19 12:51:14\" data-filename=\"jubiles2019-3.jpg\" data-slide-type=\"image\"><img decoding=\"async\" width=\"640\" height=\"427\" data-src=\"https:\/\/www.ses-sterling.com\/blog\/wp-content\/uploads\/2019\/02\/jubiles2019-3.jpg\" class=\"slider-1478 slide-1610 msDefaultImage ml-lightbox-enabled lazyload\" alt=\"Remise des m\u00e9dailles et des Jubil\u00e9s (2019)\" rel=\"\" title=\"jubiles2019-3\" style=\"--smush-placeholder-width: 640px; --smush-placeholder-aspect-ratio: 640\/427;margin: 0 auto; width: 64.235530277685%\" data-srcset=\"https:\/\/www.ses-sterling.com\/blog\/wp-content\/uploads\/2019\/02\/jubiles2019-3.jpg 640w, https:\/\/www.ses-sterling.com\/blog\/wp-content\/uploads\/2019\/02\/jubiles2019-3-300x200.jpg 300w, https:\/\/www.ses-sterling.com\/blog\/wp-content\/uploads\/2019\/02\/jubiles2019-3-272x182.jpg 272w\" data-sizes=\"100vw\" src=\"data:image\/svg+xml;base64,PHN2ZyB3aWR0aD0iMSIgaGVpZ2h0PSIxIiB4bWxucz0iaHR0cDovL3d3dy53My5vcmcvMjAwMC9zdmciPjwvc3ZnPg==\" \/><\/li>\n                <li style=\"display: none; width: 100%;\" class=\"slide-1611 ms-image \" aria-roledescription=\"slide\" data-date=\"2019-02-19 12:51:14\" data-filename=\"jubiles2019-2.jpg\" data-slide-type=\"image\"><img decoding=\"async\" width=\"640\" height=\"427\" data-src=\"https:\/\/www.ses-sterling.com\/blog\/wp-content\/uploads\/2019\/02\/jubiles2019-2.jpg\" class=\"slider-1478 slide-1611 msDefaultImage ml-lightbox-enabled lazyload\" alt=\"Remise des m\u00e9dailles et des Jubil\u00e9s (2019)\" rel=\"\" title=\"jubiles2019-2\" style=\"--smush-placeholder-width: 640px; --smush-placeholder-aspect-ratio: 640\/427;margin: 0 auto; width: 64.235530277685%\" data-srcset=\"https:\/\/www.ses-sterling.com\/blog\/wp-content\/uploads\/2019\/02\/jubiles2019-2.jpg 640w, https:\/\/www.ses-sterling.com\/blog\/wp-content\/uploads\/2019\/02\/jubiles2019-2-300x200.jpg 300w, https:\/\/www.ses-sterling.com\/blog\/wp-content\/uploads\/2019\/02\/jubiles2019-2-272x182.jpg 272w\" data-sizes=\"100vw\" src=\"data:image\/svg+xml;base64,PHN2ZyB3aWR0aD0iMSIgaGVpZ2h0PSIxIiB4bWxucz0iaHR0cDovL3d3dy53My5vcmcvMjAwMC9zdmciPjwvc3ZnPg==\" \/><\/li>\n            <\/ul>\n        <\/div>\n        \n    <\/div>\n<\/div>\n\n\n\n<h2 class=\"wp-block-heading advgb-dyn-80d96afa\">Du divertissement : repas, jeux et danse<\/h2>\n\n\n\n<p>Par la suite, nous avons pu profiter de la soir\u00e9e en d\u00e9couvrant l&#8217;heureuse gagnante d&#8217;une tablette gr\u00e2ce \u00e0 son <strong>estimation du poids d&#8217;une boite contenant des produits du groupe SES-STERLING<\/strong>.<br>Quelques personnes ont eu \u00e9galement le plaisir de gagner un lot (ou plusieurs pour les plus chanceux) au <strong>tirage au sort<\/strong>. Il y en avait pour tous les go\u00fbts !<\/p>\n\n\n\n<p>Pour les moins chanceux, il \u00e9tait encore possible de se consoler avec un <strong>d\u00e9licieux repas<\/strong>. <br>Nous remercions le cuisinier et son personnel !<\/p>\n\n\n<div class=\"wp-block-image\">\n<figure class=\"aligncenter advgb-dyn-43d41973\"><img decoding=\"async\" width=\"640\" height=\"427\" data-src=\"https:\/\/www.ses-sterling.com\/blog\/wp-content\/uploads\/2019\/02\/jubil\u00e9s2019-buffet.jpg\" alt=\"Buffet des Jubil\u00e9s 2019\" class=\"wp-image-1600 lazyload\" data-srcset=\"https:\/\/www.ses-sterling.com\/blog\/wp-content\/uploads\/2019\/02\/jubil\u00e9s2019-buffet.jpg 640w, https:\/\/www.ses-sterling.com\/blog\/wp-content\/uploads\/2019\/02\/jubil\u00e9s2019-buffet-300x200.jpg 300w, https:\/\/www.ses-sterling.com\/blog\/wp-content\/uploads\/2019\/02\/jubil\u00e9s2019-buffet-272x182.jpg 272w\" data-sizes=\"(max-width: 640px) 100vw, 640px\" src=\"data:image\/svg+xml;base64,PHN2ZyB3aWR0aD0iMSIgaGVpZ2h0PSIxIiB4bWxucz0iaHR0cDovL3d3dy53My5vcmcvMjAwMC9zdmciPjwvc3ZnPg==\" style=\"--smush-placeholder-width: 640px; --smush-placeholder-aspect-ratio: 640\/427;\" \/><figcaption class=\"wp-element-caption\">Bref aper\u00e7u du buffet pour les entr\u00e9es<\/figcaption><\/figure>\n<\/div>\n\n\n<p>Des entr\u00e9es aux divers desserts, en passant par le repas principal, nos papilles gustatives pouvaient \u00eatre ravies.<\/p>\n\n\n\n<p><strong>Quelques pas de danse <\/strong>n&#8217;\u00e9taient pas de refus dans le cadre d&#8217;une bonne digestion, la soir\u00e9e \u00e9tant anim\u00e9e par un DJ qui a pass\u00e9 des musiques de toutes les \u00e9poques, dont les ann\u00e9es 80 bien \u00e9videmment !<\/p>\n\n\n\n<p>Cette soir\u00e9e fut une franche r\u00e9ussite. Les objectifs de l&#8217;entreprise ont \u00e9t\u00e9 fix\u00e9s, les personnes ont \u00e9t\u00e9 sustent\u00e9es.<br>Nous esp\u00e9rons que quelques beaux souvenirs se sont fix\u00e9s dans la m\u00e9moire des employ\u00e9s et que cette soir\u00e9e a plu \u00e0 l&#8217;ensemble des personnes pr\u00e9sentes.<br><\/p>\n","protected":false},"excerpt":{"rendered":"<p>Comme chaque ann\u00e9e, la f\u00eate du personnel de SES-STERLING a eu lieu au complexe RiveRhin \u00e0 Village-Neuf, le 8 f\u00e9vrier dernier.Au programme :\u00a0 le discours de M. Daniel Rollier, la distribution des m\u00e9dailles du travail et des Jubil\u00e9s suivie d&#8217;un repas, un peu de danse et des jeux afin d&#8217;agr\u00e9menter le tout.<\/p>\n<p class=\"link-more\"><a href=\"https:\/\/www.ses-sterling.com\/blog\/jubiles-2019\/\">Lire la suite<span class=\"screen-reader-text\"> &#8220;Jubil\u00e9s 2019 : la rencontre annuelle de SES-STERLING&#8221;<\/span><\/a><\/p>\n","protected":false},"author":1,"featured_media":1599,"comment_status":"open","ping_status":"open","sticky":false,"template":"","format":"standard","meta":{"om_disable_all_campaigns":false,"_uag_custom_page_level_css":"","advgb_blocks_editor_width":"","advgb_blocks_columns_visual_guide":"","_monsterinsights_skip_tracking":false,"_monsterinsights_sitenote_active":false,"_monsterinsights_sitenote_note":"","_monsterinsights_sitenote_category":0,"footnotes":""},"categories":[24],"tags":[],"class_list":["post-1466","post","type-post","status-publish","format-standard","has-post-thumbnail","hentry","category-actualites-entreprise"],"aioseo_notices":[],"author_meta":{"display_name":"admin","author_link":"https:\/\/www.ses-sterling.com\/blog\/author\/admin\/"},"featured_img":"https:\/\/www.ses-sterling.com\/blog\/wp-content\/uploads\/2019\/02\/jubiles2019-daniel-rollier-300x200.jpg","uagb_featured_image_src":{"full":["https:\/\/www.ses-sterling.com\/blog\/wp-content\/uploads\/2019\/02\/jubiles2019-daniel-rollier.jpg",640,427,false],"thumbnail":["https:\/\/www.ses-sterling.com\/blog\/wp-content\/uploads\/2019\/02\/jubiles2019-daniel-rollier-150x150.jpg",150,150,true],"medium":["https:\/\/www.ses-sterling.com\/blog\/wp-content\/uploads\/2019\/02\/jubiles2019-daniel-rollier-300x200.jpg",300,200,true],"medium_large":["https:\/\/www.ses-sterling.com\/blog\/wp-content\/uploads\/2019\/02\/jubiles2019-daniel-rollier.jpg",525,350,false],"large":["https:\/\/www.ses-sterling.com\/blog\/wp-content\/uploads\/2019\/02\/jubiles2019-daniel-rollier.jpg",525,350,false],"1536x1536":["https:\/\/www.ses-sterling.com\/blog\/wp-content\/uploads\/2019\/02\/jubiles2019-daniel-rollier.jpg",640,427,false],"2048x2048":["https:\/\/www.ses-sterling.com\/blog\/wp-content\/uploads\/2019\/02\/jubiles2019-daniel-rollier.jpg",640,427,false],"twentyseventeen-featured-image":["https:\/\/www.ses-sterling.com\/blog\/wp-content\/uploads\/2019\/02\/jubiles2019-daniel-rollier.jpg",640,427,false],"twentyseventeen-thumbnail-avatar":["https:\/\/www.ses-sterling.com\/blog\/wp-content\/uploads\/2019\/02\/jubiles2019-daniel-rollier-100x100.jpg",100,100,true],"sow-carousel-default":["https:\/\/www.ses-sterling.com\/blog\/wp-content\/uploads\/2019\/02\/jubiles2019-daniel-rollier-272x182.jpg",272,182,true]},"uagb_author_info":{"display_name":"admin","author_link":"https:\/\/www.ses-sterling.com\/blog\/author\/admin\/"},"uagb_comment_info":0,"uagb_excerpt":"Comme chaque ann\u00e9e, la f\u00eate du personnel de SES-STERLING a eu lieu au complexe RiveRhin \u00e0 Village-Neuf, le 8 f\u00e9vrier dernier.Au programme :\u00a0 le discours de M. Daniel Rollier, la distribution des m\u00e9dailles du travail et des Jubil\u00e9s suivie d&#8217;un repas, un peu de danse et des jeux afin d&#8217;agr\u00e9menter le tout.Lire la suite \"Jubil\u00e9s\u2026","coauthors":[],"tax_additional":{"categories":{"linked":["<a href=\"https:\/\/www.ses-sterling.com\/blog\/category\/actualites-entreprise\/\" class=\"advgb-post-tax-term\">Actualit\u00e9s entreprise<\/a>"],"unlinked":["<span class=\"advgb-post-tax-term\">Actualit\u00e9s entreprise<\/span>"]}},"comment_count":0,"relative_dates":{"created":"Publi\u00e9 7 ans il y a","modified":"Mis \u00e0 jour 3 ans il y a"},"absolute_dates":{"created":"Publi\u00e9 le 19 f\u00e9vrier 2019","modified":"Mise \u00e0 jour le 26 septembre 2023"},"absolute_dates_time":{"created":"Publi\u00e9 le 19 f\u00e9vrier 2019 12:51","modified":"Mise \u00e0 jour le 26 septembre 2023 11:19"},"featured_img_caption":"","series_order":"","_links":{"self":[{"href":"https:\/\/www.ses-sterling.com\/blog\/wp-json\/wp\/v2\/posts\/1466","targetHints":{"allow":["GET"]}}],"collection":[{"href":"https:\/\/www.ses-sterling.com\/blog\/wp-json\/wp\/v2\/posts"}],"about":[{"href":"https:\/\/www.ses-sterling.com\/blog\/wp-json\/wp\/v2\/types\/post"}],"author":[{"embeddable":true,"href":"https:\/\/www.ses-sterling.com\/blog\/wp-json\/wp\/v2\/users\/1"}],"replies":[{"embeddable":true,"href":"https:\/\/www.ses-sterling.com\/blog\/wp-json\/wp\/v2\/comments?post=1466"}],"version-history":[{"count":30,"href":"https:\/\/www.ses-sterling.com\/blog\/wp-json\/wp\/v2\/posts\/1466\/revisions"}],"predecessor-version":[{"id":42631,"href":"https:\/\/www.ses-sterling.com\/blog\/wp-json\/wp\/v2\/posts\/1466\/revisions\/42631"}],"wp:featuredmedia":[{"embeddable":true,"href":"https:\/\/www.ses-sterling.com\/blog\/wp-json\/wp\/v2\/media\/1599"}],"wp:attachment":[{"href":"https:\/\/www.ses-sterling.com\/blog\/wp-json\/wp\/v2\/media?parent=1466"}],"wp:term":[{"taxonomy":"category","embeddable":true,"href":"https:\/\/www.ses-sterling.com\/blog\/wp-json\/wp\/v2\/categories?post=1466"},{"taxonomy":"post_tag","embeddable":true,"href":"https:\/\/www.ses-sterling.com\/blog\/wp-json\/wp\/v2\/tags?post=1466"}],"curies":[{"name":"wp","href":"https:\/\/api.w.org\/{rel}","templated":true}]}}