{"id":41634,"date":"2025-09-01T14:22:29","date_gmt":"2025-09-01T12:22:29","guid":{"rendered":"https:\/\/www.ses-sterling.com\/blog\/?p=41634"},"modified":"2025-09-01T15:45:36","modified_gmt":"2025-09-01T13:45:36","slug":"all-about-automation-messe-10-und-11-september-2025-in-wetzlar","status":"publish","type":"post","link":"https:\/\/www.ses-sterling.com\/blog\/de\/all-about-automation-messe-10-und-11-september-2025-in-wetzlar\/","title":{"rendered":"All About Automation Messe: 10. und 11. September 2025 in Wetzlar"},"content":{"rendered":"\n<p><img decoding=\"async\" class=\"aligncenter size-full wp-image-48736 lazyload\" data-src=\"https:\/\/www.ses-sterling.com\/blog\/wp-content\/uploads\/2023\/07\/banniere_blog_DE.webp\" alt=\"All About Automation Wetzlar 2025\" width=\"1872\" height=\"328\" data-srcset=\"https:\/\/www.ses-sterling.com\/blog\/wp-content\/uploads\/2023\/07\/banniere_blog_DE.webp 1872w, https:\/\/www.ses-sterling.com\/blog\/wp-content\/uploads\/2023\/07\/banniere_blog_DE-300x53.webp 300w, https:\/\/www.ses-sterling.com\/blog\/wp-content\/uploads\/2023\/07\/banniere_blog_DE-1024x179.webp 1024w, https:\/\/www.ses-sterling.com\/blog\/wp-content\/uploads\/2023\/07\/banniere_blog_DE-150x26.webp 150w, https:\/\/www.ses-sterling.com\/blog\/wp-content\/uploads\/2023\/07\/banniere_blog_DE-768x135.webp 768w, https:\/\/www.ses-sterling.com\/blog\/wp-content\/uploads\/2023\/07\/banniere_blog_DE-1536x269.webp 1536w\" data-sizes=\"(max-width: 767px) 89vw, (max-width: 1000px) 54vw, (max-width: 1071px) 543px, 580px\" src=\"data:image\/svg+xml;base64,PHN2ZyB3aWR0aD0iMSIgaGVpZ2h0PSIxIiB4bWxucz0iaHR0cDovL3d3dy53My5vcmcvMjAwMC9zdmciPjwvc3ZnPg==\" style=\"--smush-placeholder-width: 1872px; --smush-placeholder-aspect-ratio: 1872\/328;\" \/><\/p>\n\n\n\n<p align=\"justify\">Besuchen Sie Ihre <span style=\"color: #ff6600;\"><a style=\"color: #ff6600;\" href=\"https:\/\/www.ses-sterling.com\/contact\/representants\/\" target=\"_blank\" rel=\"noopener\"> <strong>SES-STERLING Fachberater<\/strong><\/a><\/span> auf der All About Automation Messe in Wetzlar am <strong>10. und 11. September 2025<\/strong> in Deutschland.<\/p>\n\n\n\n<h2 class=\"western\" align=\"left\">Messe &#8220;All About Automation&#8221;: ein Eintauchen in die Welt der industriellen Automatisierung.<\/h2>\n\n\n\n<p align=\"justify\">Der industrielle Bereich entwickelt sich immer schneller. Die Produktionswerkzeuge und -methoden durchlaufen einen tiefgreifenden Wandel. Die gr\u00f6\u00dftenteils automatisierten Produktionsketten werden nun so optimiert, dass sie schnell und pr\u00e4zise arbeiten.<\/p>\n<p align=\"justify\">Die Messe <strong><span style=\"color: #ff6600;\"><a style=\"color: #ff6600;\" href=\"https:\/\/www.allaboutautomation.de\/de\/wetzlar-2\/\" target=\"_blank\" rel=\"noopener\">All About Automation de Wetzlar<\/a><\/span>&nbsp;<\/strong>bietet Ihnen die M\u00f6glichkeit, die Akteure der industriellen Automatisierung zu treffen. Ziel der Messe ist es, die Akteure in der Industrie zu begleiten, um sie in die Automatisierung und Industrie 4.0 zu f\u00fchren. Kommen Sie in direkten Kontakt mit den Experten und entdecken Sie die L\u00f6sungen, die Ihre industriellen Produktionsprozesse zu mehr Effizienz weiterentwickeln werden.<\/p>\n\n\n\n<h2 class=\"western\" align=\"justify\"><span style=\"color: #ffffff;\">Finden Sie SES-STERLING unter den 86 Ausstellern der Messe.<\/span><\/h2>\n\n\n\n<p align=\"justify\">Im Zeitalter der Automatisierung und der Vergr\u00f6\u00dferung des Maschinenparks ist ein leistungsf\u00e4higes und \u00fcbersichtliches Kabel- und Verbindungsmanagement von entscheidender Bedeutung. Schutz und Isolierung von Kabeln, Kennzeichnung von Kabeln und Maschinen, Kabelkan\u00e4le und Kabelbefestigung &#8211; <strong>SES-STERLING<\/strong> bietet Ihnen eine gro\u00dfe Auswahl an innovativen und nachhaltigen L\u00f6sungen rund ums Kabel.<\/p>\n<p align=\"justify\"><strong>Sind Sie neugierig? Sie haben ein Projekt?<\/strong> <br>Dann z\u00f6gern Sie nicht l\u00e4nger und besuchen Sie uns am <strong>stand E0-314<\/strong>.<\/p>\n<p align=\"justify\">Unsere fachkundigen Berater freuen sich darauf, Ihnen im Rahmen eines freundlichen und professionellen Austauschs die f\u00fcr Ihr Projekt geeigneten L\u00f6sungen zu zeigen. Z\u00f6gern Sie nicht, unsere L\u00f6sungen rund ums Kabel zu entdecken, die auf Ihr Industrieprojekt zugeschnitten sind.<\/p>\n\n\n\n<h2 class=\"western\" align=\"justify\"><span style=\"color: #ffffff;\">Wir schenken Ihnen den kostenlosen Eintritt zur Messe!<\/span><\/h2>\n\n\n\n<p><img decoding=\"async\" class=\"aligncenter size-full wp-image-48737 lazyload\" data-src=\"https:\/\/www.ses-sterling.com\/blog\/wp-content\/uploads\/2023\/07\/code_banner_DE-01.webp\" alt=\"All About Automation Wetzlar 2025\" width=\"1201\" height=\"560\" data-srcset=\"https:\/\/www.ses-sterling.com\/blog\/wp-content\/uploads\/2023\/07\/code_banner_DE-01.webp 1201w, https:\/\/www.ses-sterling.com\/blog\/wp-content\/uploads\/2023\/07\/code_banner_DE-01-300x140.webp 300w, https:\/\/www.ses-sterling.com\/blog\/wp-content\/uploads\/2023\/07\/code_banner_DE-01-1024x477.webp 1024w, https:\/\/www.ses-sterling.com\/blog\/wp-content\/uploads\/2023\/07\/code_banner_DE-01-150x70.webp 150w, https:\/\/www.ses-sterling.com\/blog\/wp-content\/uploads\/2023\/07\/code_banner_DE-01-768x358.webp 768w\" data-sizes=\"(max-width: 767px) 89vw, (max-width: 1000px) 54vw, (max-width: 1071px) 543px, 580px\" src=\"data:image\/svg+xml;base64,PHN2ZyB3aWR0aD0iMSIgaGVpZ2h0PSIxIiB4bWxucz0iaHR0cDovL3d3dy53My5vcmcvMjAwMC9zdmciPjwvc3ZnPg==\" style=\"--smush-placeholder-width: 1201px; --smush-placeholder-aspect-ratio: 1201\/560;\" \/><\/p>\n\n\n\n<p>Um Ihren kostenlosen Messeeintritt zu erhalten, geben Sie einfach den Aktivierungscode <span style=\"color: #ff6600;\"><strong>10620 <\/strong><\/span>auf der <a href=\"https:\/\/register.visitcloud.com\/survey\/3u3kyjeimaqh0\/start?actioncode=&amp;_gl=1%2a72e3a3%2a_gcl_au%2aMTYxMDc3ODg2OC4xNjg1NDM1MDQ5%2a_ga%2aMTA3NTE0MTExLjE2ODU0MzUwNDk.%2a_ga_ZTGSPGW1QL%2aMTY4NjEyMTQzNy4yLjEuMTY4NjEyMjE5My4wLjAuMA..&amp;_ga=2.208757842.1787299492.1686121438-107514111.1685435049\" target=\"_blank\" rel=\"noopener\"><span style=\"color: #ff6600;\"><strong>website<\/strong><\/span><\/a> ein, f\u00fcllen Sie das Formular aus und erhalten Sie Ihre kostenlose Eintrittskarte per E-Mail.<\/p>\n\n\n\n<h2 class=\"western\" align=\"justify\"><span style=\"color: #ffffff;\">Praktische Informationen :<\/span><\/h2>\n\n\n\n<table style=\"border-collapse: collapse; width: 100%; height: 168px;\">\n<tbody>\n<tr style=\"height: 325px;\">\n<td style=\"width: 50.0703%; height: 168px; vertical-align: top;\">\n<p><strong>\u00d6ffnungszeiten:<\/strong><\/p>\n<ul>\n<li>&#8211; Mittwoch, 10. September von 9.00 bis 17.00 Uhr<\/li>\n<li>&#8211; Donnerstag, 11. September von 9.00 bis 16.00 Uhr<\/li>\n<\/ul>\n<p><strong>Preise: <\/strong><\/p>\n<ul>\n<li>&#8211; Tagesticket: 20 \u20ac (Kauf vor Ort)<\/li>\n<li>&#8211; Studenten-\/Praktikantenticket: 10 \u20ac<\/li>\n<li>&#8211; Freier Eintritt auf Einladung von Ausstellern<\/li>\n<\/ul>\n<p align=\"left\"><strong>Adresse<\/strong> :<\/p>\n<p align=\"justify\">Buderus Arena<br><span class=\"LrzXr\">Wolfgang-K\u00fchle-Str. 1, <br>33576 Wetzlar, Allemagne<\/span><\/p>\n<\/td>\n<td style=\"width: 49.9297%; height: 168px; vertical-align: top;\">\n<p class=\"alignright\"><iframe style=\"border: 0;\" data-src=\"https:\/\/www.google.com\/maps\/embed?pb=!1m18!1m12!1m3!1d2534.3421138926333!2d8.505758376829272!3d50.56500337910878!2m3!1f0!2f0!3f0!3m2!1i1024!2i768!4f13.1!3m3!1m2!1s0x47bc5ac3428355d9%3A0x55e8015ec4fb81c1!2sRittal%20Arena%20Wetzlar!5e0!3m2!1sfr!2sfr!4v1686122411875!5m2!1sfr!2sfr\" width=\"600\" height=\"450\" allowfullscreen=\"allowfullscreen\" src=\"data:image\/svg+xml;base64,PHN2ZyB3aWR0aD0iMSIgaGVpZ2h0PSIxIiB4bWxucz0iaHR0cDovL3d3dy53My5vcmcvMjAwMC9zdmciPjwvc3ZnPg==\" class=\"lazyload\" data-load-mode=\"1\"><\/iframe><\/p>\n<p style=\"text-align: left;\" align=\"left\">&nbsp;<\/p>\n<\/td>\n<\/tr>\n<\/tbody>\n<\/table>\n\n\n\n<h5 style=\"text-align: center;\">Finden Sie uns in sozialen Netzwerken:<br><br><a href=\"https:\/\/www.facebook.com\/SESSTERLING\/\" target=\"_blank\" rel=\"noopener noreferrer\"><img decoding=\"async\" class=\"wp-image-4990 alignnone lazyload\" data-src=\"https:\/\/www.ses-sterling.com\/blog\/wp-content\/uploads\/2020\/02\/logo-facebook-ses-sterling.png\" alt=\"Logo Facebook SES-STERLING\" width=\"40\" height=\"40\" src=\"data:image\/svg+xml;base64,PHN2ZyB3aWR0aD0iMSIgaGVpZ2h0PSIxIiB4bWxucz0iaHR0cDovL3d3dy53My5vcmcvMjAwMC9zdmciPjwvc3ZnPg==\" style=\"--smush-placeholder-width: 40px; --smush-placeholder-aspect-ratio: 40\/40;\"><\/a> <a href=\"https:\/\/www.linkedin.com\/company\/11049886\" target=\"_blank\" rel=\"noopener noreferrer\"><img decoding=\"async\" class=\"wp-image-4991 alignnone lazyload\" data-src=\"https:\/\/www.ses-sterling.com\/blog\/wp-content\/uploads\/2020\/02\/logo-linkedin-ses-sterling.png\" alt=\"Logo linkedin SES-STERLING\" width=\"41\" height=\"41\" src=\"data:image\/svg+xml;base64,PHN2ZyB3aWR0aD0iMSIgaGVpZ2h0PSIxIiB4bWxucz0iaHR0cDovL3d3dy53My5vcmcvMjAwMC9zdmciPjwvc3ZnPg==\" style=\"--smush-placeholder-width: 41px; --smush-placeholder-aspect-ratio: 41\/41;\"><\/a><a href=\"https:\/\/www.youtube.com\/watch?v=fI2upMRPIwU&amp;list=PLI8hCASqm9e4bmdBUEYyzKtLugsQQTTSW\" target=\"_blank\" rel=\"noopener noreferrer\"> <img decoding=\"async\" class=\"size-full wp-image-5546 alignnone lazyload\" data-src=\"https:\/\/www.ses-sterling.com\/blog\/wp-content\/uploads\/2020\/07\/logo-youtube.png\" alt=\"Logo youtube SES-STERLING\" width=\"41\" height=\"41\" src=\"data:image\/svg+xml;base64,PHN2ZyB3aWR0aD0iMSIgaGVpZ2h0PSIxIiB4bWxucz0iaHR0cDovL3d3dy53My5vcmcvMjAwMC9zdmciPjwvc3ZnPg==\" style=\"--smush-placeholder-width: 41px; --smush-placeholder-aspect-ratio: 41\/41;\"><\/a><a href=\"https:\/\/de.induux.com\/ses-sterling\/\" target=\"_blank\" rel=\"noopener noreferrer\"><img decoding=\"async\" class=\"aligncenter wp-image-5318 size-full lazyload\" data-src=\"https:\/\/www.ses-sterling.com\/blog\/wp-content\/uploads\/2020\/03\/logo-induux-ses-sterling.png\" alt=\"Logo induux ses-sterling\" width=\"41\" height=\"41\" src=\"data:image\/svg+xml;base64,PHN2ZyB3aWR0aD0iMSIgaGVpZ2h0PSIxIiB4bWxucz0iaHR0cDovL3d3dy53My5vcmcvMjAwMC9zdmciPjwvc3ZnPg==\" style=\"--smush-placeholder-width: 41px; --smush-placeholder-aspect-ratio: 41\/41;\"><\/a><\/h5>\n\n\n\n<h3>Unsere anderen Berufsmessen :<\/h3>\n\n\n\n\t\t\t<div class=\"wp-block-uagb-post-carousel uagb-post-grid  uagb-post__image-position-top uagb-post__image-enabled uagb-block-37e0df2e     uagb-post__arrow-outside uagb-slick-carousel uagb-post__items uagb-post__columns-3 is-carousel uagb-post__columns-tablet-2 uagb-post__columns-mobile-1\" data-total=\"7\" style=\"\">\n\n\t\t\t\t\t\t\t\t\t\t\t\t<article class=\"uagb-post__inner-wrap\">\t\t\t\t\t\t\t\t<div class='uagb-post__image'>\n\t\t\t\t\t\t\t\t\t<a href=\"https:\/\/www.ses-sterling.com\/blog\/ses-sterling-salon-all-about-automation-heilbronn-2026\/\" target=\"_self\" rel=\"bookmark noopener noreferrer\"><img decoding=\"async\" width=\"525\" height=\"525\" data-src=\"https:\/\/www.ses-sterling.com\/blog\/wp-content\/uploads\/2026\/03\/AAA_HEILBRONN_Visuel_carre_2026_FR-1024x1024.png\" class=\"attachment-large size-large lazyload\" alt=\"\" data-srcset=\"https:\/\/www.ses-sterling.com\/blog\/wp-content\/uploads\/2026\/03\/AAA_HEILBRONN_Visuel_carre_2026_FR-1024x1024.png 1024w, https:\/\/www.ses-sterling.com\/blog\/wp-content\/uploads\/2026\/03\/AAA_HEILBRONN_Visuel_carre_2026_FR-300x300.png 300w, https:\/\/www.ses-sterling.com\/blog\/wp-content\/uploads\/2026\/03\/AAA_HEILBRONN_Visuel_carre_2026_FR-150x150.png 150w, https:\/\/www.ses-sterling.com\/blog\/wp-content\/uploads\/2026\/03\/AAA_HEILBRONN_Visuel_carre_2026_FR-768x768.png 768w, https:\/\/www.ses-sterling.com\/blog\/wp-content\/uploads\/2026\/03\/AAA_HEILBRONN_Visuel_carre_2026_FR-100x100.png 100w, https:\/\/www.ses-sterling.com\/blog\/wp-content\/uploads\/2026\/03\/AAA_HEILBRONN_Visuel_carre_2026_FR.png 1080w\" data-sizes=\"100vw\" src=\"data:image\/svg+xml;base64,PHN2ZyB3aWR0aD0iMSIgaGVpZ2h0PSIxIiB4bWxucz0iaHR0cDovL3d3dy53My5vcmcvMjAwMC9zdmciPjwvc3ZnPg==\" style=\"--smush-placeholder-width: 525px; --smush-placeholder-aspect-ratio: 525\/525;\" \/>\t\t\t\t\t<\/a>\n\t\t\t\t\t\t\t\t\t<\/div>\n\t\t\t\t\t\t<div class='uagb-post__text uagb-post-grid-byline'>\n\t\t\t\t\t\t\t<\/div>\n\t\t\t\t\t\t\t<div class='uagb-post__text uagb-post__excerpt'>\n\t\t\t\t\tSES-STERLING sera \u00e0 nouveau pr\u00e9sent au salon All About Automation \u00e0 Heilbronn&#8230;\t\t\t\t<\/div>\n\t\t\t\t\t\t<div class=\"uagb-post__text uagb-post__cta wp-block-button\">\n\t\t\t\t<a class=\"wp-block-button__link uagb-text-link\" style=\"\" href=\"https:\/\/www.ses-sterling.com\/blog\/ses-sterling-salon-all-about-automation-heilbronn-2026\/\" target=\"_self\" rel=\"bookmark noopener noreferrer\">Lire la suite<\/a>\n\t\t\t<\/div>\n\t\t\t\n\t\t\t\t\t\t\t\t\t<\/article>\n\t\t\t\t\t\t\t\t\t\t\t\t\t\t\t\t<article class=\"uagb-post__inner-wrap\">\t\t\t\t\t\t\t\t<div class='uagb-post__image'>\n\t\t\t\t\t\t\t\t\t<a href=\"https:\/\/www.ses-sterling.com\/blog\/aaa-friedrichshafen-2026-salon-automation\/\" target=\"_self\" rel=\"bookmark noopener noreferrer\"><img decoding=\"async\" width=\"525\" height=\"525\" data-src=\"https:\/\/www.ses-sterling.com\/blog\/wp-content\/uploads\/2026\/02\/AAA_Friedrichschafen_Visuel_RS_FR.png\" class=\"attachment-large size-large lazyload\" alt=\"\" data-srcset=\"https:\/\/www.ses-sterling.com\/blog\/wp-content\/uploads\/2026\/02\/AAA_Friedrichschafen_Visuel_RS_FR.png 800w, https:\/\/www.ses-sterling.com\/blog\/wp-content\/uploads\/2026\/02\/AAA_Friedrichschafen_Visuel_RS_FR-300x300.png 300w, https:\/\/www.ses-sterling.com\/blog\/wp-content\/uploads\/2026\/02\/AAA_Friedrichschafen_Visuel_RS_FR-150x150.png 150w, https:\/\/www.ses-sterling.com\/blog\/wp-content\/uploads\/2026\/02\/AAA_Friedrichschafen_Visuel_RS_FR-768x768.png 768w, https:\/\/www.ses-sterling.com\/blog\/wp-content\/uploads\/2026\/02\/AAA_Friedrichschafen_Visuel_RS_FR-100x100.png 100w\" data-sizes=\"100vw\" src=\"data:image\/svg+xml;base64,PHN2ZyB3aWR0aD0iMSIgaGVpZ2h0PSIxIiB4bWxucz0iaHR0cDovL3d3dy53My5vcmcvMjAwMC9zdmciPjwvc3ZnPg==\" style=\"--smush-placeholder-width: 525px; --smush-placeholder-aspect-ratio: 525\/525;\" \/>\t\t\t\t\t<\/a>\n\t\t\t\t\t\t\t\t\t<\/div>\n\t\t\t\t\t\t<div class='uagb-post__text uagb-post-grid-byline'>\n\t\t\t\t\t\t\t<\/div>\n\t\t\t\t\t\t\t<div class='uagb-post__text uagb-post__excerpt'>\n\t\t\t\t\t<p>Les 10 et 11 mars 2026, vous pourrez rencontrer SES-STERLING au salon&#8230;\t\t\t\t<\/div>\n\t\t\t\t\t\t<div class=\"uagb-post__text uagb-post__cta wp-block-button\">\n\t\t\t\t<a class=\"wp-block-button__link uagb-text-link\" style=\"\" href=\"https:\/\/www.ses-sterling.com\/blog\/aaa-friedrichshafen-2026-salon-automation\/\" target=\"_self\" rel=\"bookmark noopener noreferrer\">Lire la suite<\/a>\n\t\t\t<\/div>\n\t\t\t\n\t\t\t\t\t\t\t\t\t<\/article>\n\t\t\t\t\t\t\t\t\t\t\t\t\t\t\t\t<article class=\"uagb-post__inner-wrap\">\t\t\t\t\t\t\t\t<div class='uagb-post__image'>\n\t\t\t\t\t\t\t\t\t<a href=\"https:\/\/www.ses-sterling.com\/blog\/ses-eupen-a-indumation-2026-solutions-autour-du-cable\/\" target=\"_self\" rel=\"bookmark noopener noreferrer\"><img decoding=\"async\" width=\"525\" height=\"525\" data-src=\"https:\/\/www.ses-sterling.com\/blog\/wp-content\/uploads\/2025\/11\/SES-STERLING-Salon-Indumation-2026-FR-1024x1024.webp\" class=\"attachment-large size-large lazyload\" alt=\"\" data-srcset=\"https:\/\/www.ses-sterling.com\/blog\/wp-content\/uploads\/2025\/11\/SES-STERLING-Salon-Indumation-2026-FR-1024x1024.webp 1024w, https:\/\/www.ses-sterling.com\/blog\/wp-content\/uploads\/2025\/11\/SES-STERLING-Salon-Indumation-2026-FR-300x300.webp 300w, https:\/\/www.ses-sterling.com\/blog\/wp-content\/uploads\/2025\/11\/SES-STERLING-Salon-Indumation-2026-FR-150x150.webp 150w, https:\/\/www.ses-sterling.com\/blog\/wp-content\/uploads\/2025\/11\/SES-STERLING-Salon-Indumation-2026-FR-768x768.webp 768w, https:\/\/www.ses-sterling.com\/blog\/wp-content\/uploads\/2025\/11\/SES-STERLING-Salon-Indumation-2026-FR-100x100.webp 100w, https:\/\/www.ses-sterling.com\/blog\/wp-content\/uploads\/2025\/11\/SES-STERLING-Salon-Indumation-2026-FR.webp 1080w\" data-sizes=\"100vw\" src=\"data:image\/svg+xml;base64,PHN2ZyB3aWR0aD0iMSIgaGVpZ2h0PSIxIiB4bWxucz0iaHR0cDovL3d3dy53My5vcmcvMjAwMC9zdmciPjwvc3ZnPg==\" style=\"--smush-placeholder-width: 525px; --smush-placeholder-aspect-ratio: 525\/525;\" \/>\t\t\t\t\t<\/a>\n\t\t\t\t\t\t\t\t\t<\/div>\n\t\t\t\t\t\t<div class='uagb-post__text uagb-post-grid-byline'>\n\t\t\t\t\t\t\t<\/div>\n\t\t\t\t\t\t\t<div class='uagb-post__text uagb-post__excerpt'>\n\t\t\t\t\tSalon de r\u00e9f\u00e9rence au Benelux, Indumation se d\u00e9roulera du 4 au 6&#8230;\t\t\t\t<\/div>\n\t\t\t\t\t\t<div class=\"uagb-post__text uagb-post__cta wp-block-button\">\n\t\t\t\t<a class=\"wp-block-button__link uagb-text-link\" style=\"\" href=\"https:\/\/www.ses-sterling.com\/blog\/ses-eupen-a-indumation-2026-solutions-autour-du-cable\/\" target=\"_self\" rel=\"bookmark noopener noreferrer\">Lire la suite<\/a>\n\t\t\t<\/div>\n\t\t\t\n\t\t\t\t\t\t\t\t\t<\/article>\n\t\t\t\t\t\t\t\t\t\t\t\t\t\t\t\t<article class=\"uagb-post__inner-wrap\">\t\t\t\t\t\t\t\t<div class='uagb-post__image'>\n\t\t\t\t\t\t\t\t\t<a href=\"https:\/\/www.ses-sterling.com\/blog\/all-about-automation-berlin-2026-solutions-ses-sterling\/\" target=\"_self\" rel=\"bookmark noopener noreferrer\"><img decoding=\"async\" width=\"525\" height=\"525\" data-src=\"https:\/\/www.ses-sterling.com\/blog\/wp-content\/uploads\/2026\/01\/AAA_Berlin_Visuel_RS_FR-1.jpg\" class=\"attachment-large size-large lazyload\" alt=\"\" data-srcset=\"https:\/\/www.ses-sterling.com\/blog\/wp-content\/uploads\/2026\/01\/AAA_Berlin_Visuel_RS_FR-1.jpg 800w, https:\/\/www.ses-sterling.com\/blog\/wp-content\/uploads\/2026\/01\/AAA_Berlin_Visuel_RS_FR-1-300x300.jpg 300w, https:\/\/www.ses-sterling.com\/blog\/wp-content\/uploads\/2026\/01\/AAA_Berlin_Visuel_RS_FR-1-150x150.jpg 150w, https:\/\/www.ses-sterling.com\/blog\/wp-content\/uploads\/2026\/01\/AAA_Berlin_Visuel_RS_FR-1-768x768.jpg 768w, https:\/\/www.ses-sterling.com\/blog\/wp-content\/uploads\/2026\/01\/AAA_Berlin_Visuel_RS_FR-1-100x100.jpg 100w\" data-sizes=\"100vw\" src=\"data:image\/svg+xml;base64,PHN2ZyB3aWR0aD0iMSIgaGVpZ2h0PSIxIiB4bWxucz0iaHR0cDovL3d3dy53My5vcmcvMjAwMC9zdmciPjwvc3ZnPg==\" style=\"--smush-placeholder-width: 525px; --smush-placeholder-aspect-ratio: 525\/525;\" \/>\t\t\t\t\t<\/a>\n\t\t\t\t\t\t\t\t\t<\/div>\n\t\t\t\t\t\t<div class='uagb-post__text uagb-post-grid-byline'>\n\t\t\t\t\t\t\t<\/div>\n\t\t\t\t\t\t\t<div class='uagb-post__text uagb-post__excerpt'>\n\t\t\t\t\tPour cette premi\u00e8re \u00e9dition, retrouvez l\u2019\u00e9quipe SES-STERLING sur notre stand n\u00b0240, halle&#8230;\t\t\t\t<\/div>\n\t\t\t\t\t\t<div class=\"uagb-post__text uagb-post__cta wp-block-button\">\n\t\t\t\t<a class=\"wp-block-button__link uagb-text-link\" style=\"\" href=\"https:\/\/www.ses-sterling.com\/blog\/all-about-automation-berlin-2026-solutions-ses-sterling\/\" target=\"_self\" rel=\"bookmark noopener noreferrer\">Lire la suite<\/a>\n\t\t\t<\/div>\n\t\t\t\n\t\t\t\t\t\t\t\t\t<\/article>\n\t\t\t\t\t\t\t\t\t\t\t\t\t\t\t\t<article class=\"uagb-post__inner-wrap\">\t\t\t\t\t\t\t\t<div class='uagb-post__image'>\n\t\t\t\t\t\t\t\t\t<a href=\"https:\/\/www.ses-sterling.com\/blog\/ses-sterling-sepem-douai-2026-salon-industriel\/\" target=\"_self\" rel=\"bookmark noopener noreferrer\"><img decoding=\"async\" width=\"525\" height=\"525\" data-src=\"https:\/\/www.ses-sterling.com\/blog\/wp-content\/uploads\/2025\/12\/SES-STERLING-SEPEM-DOUAI-2026-Visuel-carre-FR.webp\" class=\"attachment-large size-large lazyload\" alt=\"\" data-srcset=\"https:\/\/www.ses-sterling.com\/blog\/wp-content\/uploads\/2025\/12\/SES-STERLING-SEPEM-DOUAI-2026-Visuel-carre-FR.webp 800w, https:\/\/www.ses-sterling.com\/blog\/wp-content\/uploads\/2025\/12\/SES-STERLING-SEPEM-DOUAI-2026-Visuel-carre-FR-300x300.webp 300w, https:\/\/www.ses-sterling.com\/blog\/wp-content\/uploads\/2025\/12\/SES-STERLING-SEPEM-DOUAI-2026-Visuel-carre-FR-150x150.webp 150w, https:\/\/www.ses-sterling.com\/blog\/wp-content\/uploads\/2025\/12\/SES-STERLING-SEPEM-DOUAI-2026-Visuel-carre-FR-768x768.webp 768w, https:\/\/www.ses-sterling.com\/blog\/wp-content\/uploads\/2025\/12\/SES-STERLING-SEPEM-DOUAI-2026-Visuel-carre-FR-100x100.webp 100w\" data-sizes=\"100vw\" src=\"data:image\/svg+xml;base64,PHN2ZyB3aWR0aD0iMSIgaGVpZ2h0PSIxIiB4bWxucz0iaHR0cDovL3d3dy53My5vcmcvMjAwMC9zdmciPjwvc3ZnPg==\" style=\"--smush-placeholder-width: 525px; --smush-placeholder-aspect-ratio: 525\/525;\" \/>\t\t\t\t\t<\/a>\n\t\t\t\t\t\t\t\t\t<\/div>\n\t\t\t\t\t\t<div class='uagb-post__text uagb-post-grid-byline'>\n\t\t\t\t\t\t\t<\/div>\n\t\t\t\t\t\t\t<div class='uagb-post__text uagb-post__excerpt'>\n\t\t\t\t\tRetrouvez nos produits d\u00e9di\u00e9s \u00e0 la protection, la fixation, l&#8217;isolement et le&#8230;\t\t\t\t<\/div>\n\t\t\t\t\t\t<div class=\"uagb-post__text uagb-post__cta wp-block-button\">\n\t\t\t\t<a class=\"wp-block-button__link uagb-text-link\" style=\"\" href=\"https:\/\/www.ses-sterling.com\/blog\/ses-sterling-sepem-douai-2026-salon-industriel\/\" target=\"_self\" rel=\"bookmark noopener noreferrer\">Lire la suite<\/a>\n\t\t\t<\/div>\n\t\t\t\n\t\t\t\t\t\t\t\t\t<\/article>\n\t\t\t\t\t\t\t\t\t\t\t\t\t\t\t\t<article class=\"uagb-post__inner-wrap\">\t\t\t\t\t\t\t\t<div class='uagb-post__image'>\n\t\t\t\t\t\t\t\t\t<a href=\"https:\/\/www.ses-sterling.com\/blog\/ses-sterling-au-salon-sps-2025-le-rendez-vous-industriel-incontournable\/\" target=\"_self\" rel=\"bookmark noopener noreferrer\"><img decoding=\"async\" width=\"525\" height=\"525\" data-src=\"https:\/\/www.ses-sterling.com\/blog\/wp-content\/uploads\/2025\/10\/SPS-2025-Visuel-carre-FR.png\" class=\"attachment-large size-large lazyload\" alt=\"Retrouvez SES-STERLING au salon SPS 2025 sur le stand 350 halle 3C !\" data-srcset=\"https:\/\/www.ses-sterling.com\/blog\/wp-content\/uploads\/2025\/10\/SPS-2025-Visuel-carre-FR.png 800w, https:\/\/www.ses-sterling.com\/blog\/wp-content\/uploads\/2025\/10\/SPS-2025-Visuel-carre-FR-300x300.png 300w, https:\/\/www.ses-sterling.com\/blog\/wp-content\/uploads\/2025\/10\/SPS-2025-Visuel-carre-FR-150x150.png 150w, https:\/\/www.ses-sterling.com\/blog\/wp-content\/uploads\/2025\/10\/SPS-2025-Visuel-carre-FR-768x768.png 768w, https:\/\/www.ses-sterling.com\/blog\/wp-content\/uploads\/2025\/10\/SPS-2025-Visuel-carre-FR-100x100.png 100w\" data-sizes=\"100vw\" src=\"data:image\/svg+xml;base64,PHN2ZyB3aWR0aD0iMSIgaGVpZ2h0PSIxIiB4bWxucz0iaHR0cDovL3d3dy53My5vcmcvMjAwMC9zdmciPjwvc3ZnPg==\" style=\"--smush-placeholder-width: 525px; --smush-placeholder-aspect-ratio: 525\/525;\" \/>\t\t\t\t\t<\/a>\n\t\t\t\t\t\t\t\t\t<\/div>\n\t\t\t\t\t\t<div class='uagb-post__text uagb-post-grid-byline'>\n\t\t\t\t\t\t\t<\/div>\n\t\t\t\t\t\t\t<div class='uagb-post__text uagb-post__excerpt'>\n\t\t\t\t\tL\u2019entreprise SES-STERLING sera pr\u00e9sente au salon SPS 2025 \u00e0 Nuremberg du 25&#8230;\t\t\t\t<\/div>\n\t\t\t\t\t\t<div class=\"uagb-post__text uagb-post__cta wp-block-button\">\n\t\t\t\t<a class=\"wp-block-button__link uagb-text-link\" style=\"\" href=\"https:\/\/www.ses-sterling.com\/blog\/ses-sterling-au-salon-sps-2025-le-rendez-vous-industriel-incontournable\/\" target=\"_self\" rel=\"bookmark noopener noreferrer\">Lire la suite<\/a>\n\t\t\t<\/div>\n\t\t\t\n\t\t\t\t\t\t\t\t\t<\/article>\n\t\t\t\t\t\t\t\t\t\t\t<\/div>\n\t\t\t","protected":false},"excerpt":{"rendered":"<p>Treffen Sie SES-STERLING auf der All About Automation Messe in Wetzlar am 10. und 11. September 2025. Besuchen Sie uns und entdecken Sie unsere L\u00f6sungen rund ums Kabel f\u00fcr die Welt der industriellen Automatisierung.<\/p>\n<p class=\"link-more\"><a href=\"https:\/\/www.ses-sterling.com\/blog\/de\/all-about-automation-messe-10-und-11-september-2025-in-wetzlar\/\">Lire la suite<span class=\"screen-reader-text\"> &#8220;All About Automation Messe: 10. und 11. September 2025 in Wetzlar&#8221;<\/span><\/a><\/p>\n","protected":false},"author":1,"featured_media":48739,"comment_status":"open","ping_status":"open","sticky":false,"template":"","format":"standard","meta":{"om_disable_all_campaigns":false,"_uag_custom_page_level_css":"","advgb_blocks_editor_width":"","advgb_blocks_columns_visual_guide":"","_monsterinsights_skip_tracking":false,"_monsterinsights_sitenote_active":false,"_monsterinsights_sitenote_note":"","_monsterinsights_sitenote_category":0,"footnotes":""},"categories":[55,44],"tags":[],"class_list":["post-41634","post","type-post","status-publish","format-standard","has-post-thumbnail","hentry","category-messen-ausstellungen","category-ses-sterling-nachrichten"],"aioseo_notices":[],"author_meta":{"display_name":"admin","author_link":"https:\/\/www.ses-sterling.com\/blog\/author\/admin\/"},"featured_img":"https:\/\/www.ses-sterling.com\/blog\/wp-content\/uploads\/2023\/07\/snippet_DE-01-300x250.webp","uagb_featured_image_src":{"full":["https:\/\/www.ses-sterling.com\/blog\/wp-content\/uploads\/2023\/07\/snippet_DE-01.webp",600,500,false],"thumbnail":["https:\/\/www.ses-sterling.com\/blog\/wp-content\/uploads\/2023\/07\/snippet_DE-01-150x125.webp",150,125,true],"medium":["https:\/\/www.ses-sterling.com\/blog\/wp-content\/uploads\/2023\/07\/snippet_DE-01-300x250.webp",300,250,true],"medium_large":["https:\/\/www.ses-sterling.com\/blog\/wp-content\/uploads\/2023\/07\/snippet_DE-01.webp",525,438,false],"large":["https:\/\/www.ses-sterling.com\/blog\/wp-content\/uploads\/2023\/07\/snippet_DE-01.webp",525,438,false],"1536x1536":["https:\/\/www.ses-sterling.com\/blog\/wp-content\/uploads\/2023\/07\/snippet_DE-01.webp",600,500,false],"2048x2048":["https:\/\/www.ses-sterling.com\/blog\/wp-content\/uploads\/2023\/07\/snippet_DE-01.webp",600,500,false],"twentyseventeen-featured-image":["https:\/\/www.ses-sterling.com\/blog\/wp-content\/uploads\/2023\/07\/snippet_DE-01.webp",600,500,false],"twentyseventeen-thumbnail-avatar":["https:\/\/www.ses-sterling.com\/blog\/wp-content\/uploads\/2023\/07\/snippet_DE-01-100x100.webp",100,100,true],"sow-carousel-default":["https:\/\/www.ses-sterling.com\/blog\/wp-content\/uploads\/2023\/07\/snippet_DE-01-272x182.webp",272,182,true]},"uagb_author_info":{"display_name":"admin","author_link":"https:\/\/www.ses-sterling.com\/blog\/author\/admin\/"},"uagb_comment_info":0,"uagb_excerpt":"Treffen Sie SES-STERLING auf der All About Automation Messe in Wetzlar am 10. und 11. September 2025. Besuchen Sie uns und entdecken Sie unsere L\u00f6sungen rund ums Kabel f\u00fcr die Welt der industriellen Automatisierung.Lire la suite \"All About Automation Messe: 10. und 11. September 2025 in Wetzlar\"","coauthors":[],"tax_additional":{"categories":{"linked":["<a href=\"https:\/\/www.ses-sterling.com\/blog\/de\/category\/ses-sterling-nachrichten\/messen-ausstellungen\/\" class=\"advgb-post-tax-term\">Fachmessen und Ausstellungen<\/a>","<a href=\"https:\/\/www.ses-sterling.com\/blog\/de\/category\/ses-sterling-nachrichten\/\" class=\"advgb-post-tax-term\">SES-STERLING Nachrichten<\/a>"],"unlinked":["<span class=\"advgb-post-tax-term\">Fachmessen und Ausstellungen<\/span>","<span class=\"advgb-post-tax-term\">SES-STERLING Nachrichten<\/span>"]}},"comment_count":"0","relative_dates":{"created":"Publi\u00e9 8 mois il y a","modified":"Mis \u00e0 jour 8 mois il y a"},"absolute_dates":{"created":"Publi\u00e9 le 1 septembre 2025","modified":"Mise \u00e0 jour le 1 septembre 2025"},"absolute_dates_time":{"created":"Publi\u00e9 le 1 septembre 2025 14:22","modified":"Mise \u00e0 jour le 1 septembre 2025 15:45"},"featured_img_caption":"","series_order":"","_links":{"self":[{"href":"https:\/\/www.ses-sterling.com\/blog\/wp-json\/wp\/v2\/posts\/41634","targetHints":{"allow":["GET"]}}],"collection":[{"href":"https:\/\/www.ses-sterling.com\/blog\/wp-json\/wp\/v2\/posts"}],"about":[{"href":"https:\/\/www.ses-sterling.com\/blog\/wp-json\/wp\/v2\/types\/post"}],"author":[{"embeddable":true,"href":"https:\/\/www.ses-sterling.com\/blog\/wp-json\/wp\/v2\/users\/1"}],"replies":[{"embeddable":true,"href":"https:\/\/www.ses-sterling.com\/blog\/wp-json\/wp\/v2\/comments?post=41634"}],"version-history":[{"count":17,"href":"https:\/\/www.ses-sterling.com\/blog\/wp-json\/wp\/v2\/posts\/41634\/revisions"}],"predecessor-version":[{"id":48825,"href":"https:\/\/www.ses-sterling.com\/blog\/wp-json\/wp\/v2\/posts\/41634\/revisions\/48825"}],"wp:featuredmedia":[{"embeddable":true,"href":"https:\/\/www.ses-sterling.com\/blog\/wp-json\/wp\/v2\/media\/48739"}],"wp:attachment":[{"href":"https:\/\/www.ses-sterling.com\/blog\/wp-json\/wp\/v2\/media?parent=41634"}],"wp:term":[{"taxonomy":"category","embeddable":true,"href":"https:\/\/www.ses-sterling.com\/blog\/wp-json\/wp\/v2\/categories?post=41634"},{"taxonomy":"post_tag","embeddable":true,"href":"https:\/\/www.ses-sterling.com\/blog\/wp-json\/wp\/v2\/tags?post=41634"}],"curies":[{"name":"wp","href":"https:\/\/api.w.org\/{rel}","templated":true}]}}