{"id":42081,"date":"2023-09-01T10:08:35","date_gmt":"2023-09-01T08:08:35","guid":{"rendered":"https:\/\/www.ses-sterling.com\/blog\/?p=42081"},"modified":"2023-09-22T11:05:54","modified_gmt":"2023-09-22T09:05:54","slug":"ses-sterling-greenteam-fr","status":"publish","type":"post","link":"https:\/\/www.ses-sterling.com\/blog\/ses-sterling-greenteam-fr\/","title":{"rendered":"SES-STERLING sponsorise GREENTEAM Uni Stuttgart"},"content":{"rendered":"\n<div id='gallery-1' class='gallery galleryid-42081 gallery-columns-1 gallery-size-full'><figure class='gallery-item'>\n\t\t\t<div class='gallery-icon landscape'>\n\t\t\t\t<img decoding=\"async\" width=\"1200\" height=\"310\" data-src=\"https:\/\/www.ses-sterling.com\/blog\/wp-content\/uploads\/2023\/08\/banner.webp\" class=\"attachment-full size-full lazyload\" alt=\"GreenTeam SES-STERLING sponsoring banner\" data-srcset=\"https:\/\/www.ses-sterling.com\/blog\/wp-content\/uploads\/2023\/08\/banner.webp 1200w, https:\/\/www.ses-sterling.com\/blog\/wp-content\/uploads\/2023\/08\/banner-300x78.webp 300w, https:\/\/www.ses-sterling.com\/blog\/wp-content\/uploads\/2023\/08\/banner-1024x265.webp 1024w, https:\/\/www.ses-sterling.com\/blog\/wp-content\/uploads\/2023\/08\/banner-150x39.webp 150w, https:\/\/www.ses-sterling.com\/blog\/wp-content\/uploads\/2023\/08\/banner-768x198.webp 768w\" data-sizes=\"100vw\" src=\"data:image\/svg+xml;base64,PHN2ZyB3aWR0aD0iMSIgaGVpZ2h0PSIxIiB4bWxucz0iaHR0cDovL3d3dy53My5vcmcvMjAwMC9zdmciPjwvc3ZnPg==\" style=\"--smush-placeholder-width: 1200px; --smush-placeholder-aspect-ratio: 1200\/310;\" \/>\n\t\t\t<\/div><\/figure>\n\t\t<\/div>\n\n\n\n\n<p style=\"text-align: justify;\">Depuis 2022, <strong>SES-STERLING GmbH<\/strong> soutient les activit\u00e9s couronn\u00e9es de succ\u00e8s de la <a href=\"https:\/\/www.greenteam-stuttgart.de\/\" target=\"_blank\" rel=\"noopener\"><span style=\"color: #ff6600;\"><strong>GreenTeam de l&#8217;universit\u00e9 de Stuttgart<\/strong><\/span><\/a>. La <a href=\"https:\/\/www.greenteam-stuttgart.de\/\" target=\"_blank\" rel=\"noopener\"><span style=\"color: #ff6600;\"><strong>GreenTeam Uni Stuttgart<\/strong><\/span><\/a> est une association d&#8217;\u00e9tudiants qui participe avec succ\u00e8s au plus grand concours de construction, le \u201cFormular Student\u201d, avec des voitures de course \u00e9lectriques innovantes qu&#8217;elle a elle-m\u00eame d\u00e9velopp\u00e9es. La <a href=\"https:\/\/www.greenteam-stuttgart.de\/\" target=\"_blank\" rel=\"noopener\"><span style=\"color: #ff6600;\"><strong>GreenTeam<\/strong><\/span><\/a> accorde une grande importance \u00e0 l&#8217;\u00e9change d&#8217;exp\u00e9riences et au transfert de connaissances. Au fil des ans, de nombreux partenariats ont \u00e9t\u00e9 d\u00e9velopp\u00e9s avec l&#8217;industrie et l&#8217;\u00e9conomie. De cette synergie, associ\u00e9e aux grands espaces de libert\u00e9 encourageant la cr\u00e9ativit\u00e9 des futurs ing\u00e9nieurs, d\u00e9coule une \u00e9norme force d&#8217;innovation dans chaque domaine de travail. <br><br>Les activit\u00e9s collectives renforcent la coh\u00e9sion sociale. <a href=\"https:\/\/www.greenteam-stuttgart.de\/\" target=\"_blank\" rel=\"noopener\"><span style=\"color: #ff6600;\"><strong>GreenTeam<\/strong><\/span><\/a> peut se targuer d&#8217;un pass\u00e9 couronn\u00e9 de succ\u00e8s. Depuis 2010, l&#8217;\u00e9quipe figure sans interruption dans le top 10 du classement mondial des voitures de course \u00e9lectriques.<\/p>\n\n\n\n<div id='gallery-2' class='gallery galleryid-42081 gallery-columns-2 gallery-size-full'><figure class='gallery-item'>\n\t\t\t<div class='gallery-icon landscape'>\n\t\t\t\t<img decoding=\"async\" width=\"600\" height=\"381\" data-src=\"https:\/\/www.ses-sterling.com\/blog\/wp-content\/uploads\/2023\/08\/agents-1.webp\" class=\"attachment-full size-full lazyload\" alt=\"\" aria-describedby=\"gallery-2-42091\" data-srcset=\"https:\/\/www.ses-sterling.com\/blog\/wp-content\/uploads\/2023\/08\/agents-1.webp 600w, https:\/\/www.ses-sterling.com\/blog\/wp-content\/uploads\/2023\/08\/agents-1-300x191.webp 300w, https:\/\/www.ses-sterling.com\/blog\/wp-content\/uploads\/2023\/08\/agents-1-150x95.webp 150w\" data-sizes=\"100vw\" src=\"data:image\/svg+xml;base64,PHN2ZyB3aWR0aD0iMSIgaGVpZ2h0PSIxIiB4bWxucz0iaHR0cDovL3d3dy53My5vcmcvMjAwMC9zdmciPjwvc3ZnPg==\" style=\"--smush-placeholder-width: 600px; --smush-placeholder-aspect-ratio: 600\/381;\" \/>\n\t\t\t<\/div>\n\t\t\t\t<figcaption class='wp-caption-text gallery-caption' id='gallery-2-42091'>\n\t\t\t\tRencontre entre GreenTeam et SES-STERLING GmbH\n\t\t\t\t<\/figcaption><\/figure><figure class='gallery-item'>\n\t\t\t<div class='gallery-icon landscape'>\n\t\t\t\t<img decoding=\"async\" width=\"600\" height=\"381\" data-src=\"https:\/\/www.ses-sterling.com\/blog\/wp-content\/uploads\/2023\/08\/car-1.webp\" class=\"attachment-full size-full lazyload\" alt=\"\" aria-describedby=\"gallery-2-42090\" data-srcset=\"https:\/\/www.ses-sterling.com\/blog\/wp-content\/uploads\/2023\/08\/car-1.webp 600w, https:\/\/www.ses-sterling.com\/blog\/wp-content\/uploads\/2023\/08\/car-1-300x191.webp 300w, https:\/\/www.ses-sterling.com\/blog\/wp-content\/uploads\/2023\/08\/car-1-150x95.webp 150w\" data-sizes=\"100vw\" src=\"data:image\/svg+xml;base64,PHN2ZyB3aWR0aD0iMSIgaGVpZ2h0PSIxIiB4bWxucz0iaHR0cDovL3d3dy53My5vcmcvMjAwMC9zdmciPjwvc3ZnPg==\" style=\"--smush-placeholder-width: 600px; --smush-placeholder-aspect-ratio: 600\/381;\" \/>\n\t\t\t<\/div>\n\t\t\t\t<figcaption class='wp-caption-text gallery-caption' id='gallery-2-42090'>\n\t\t\t\tLa voiture de course \u00e9lectrique GreenTeam\n\t\t\t\t<\/figcaption><\/figure>\n\t\t<\/div>\n\n\n\n\n<h2>Interview<\/h2>\n\n\n\n<p style=\"text-align: left;\">Le Directeur de SES-STERLING GmbH (Allemagne), J\u00fcrgen Roth, nous parle des raisons pour lesquelles SES-STERLING soutient la <a href=\"https:\/\/www.greenteam-stuttgart.de\/\" target=\"_blank\" rel=\"noopener\"><span style=\"color: #ff6600;\"><strong>GreenTeam<\/strong><\/span><\/a>.<\/p>\n\n\n\n<p style=\"text-align: left;\"><strong>R\u00e9d.<\/strong><br><em><strong>&#8220;Monsieur Roth, comment en \u00eates-vous venu \u00e0 coop\u00e9rer avec GreenTeam et de quelle mani\u00e8re soutenez-vous l&#8217;\u00e9quipe ?&#8221;<\/strong><\/em><\/p>\n\n\n\n<figure id=\"attachment_41924\" aria-describedby=\"caption-attachment-41924\" style=\"width: 295px\" class=\"wp-caption alignleft\"><img decoding=\"async\" class=\"wp-image-41924 lazyload\" data-src=\"https:\/\/www.ses-sterling.com\/blog\/wp-content\/uploads\/2023\/08\/jroth.webp\" alt=\"Jurgen Roth - SES-STERLING GmbH\" width=\"295\" height=\"295\" data-srcset=\"https:\/\/www.ses-sterling.com\/blog\/wp-content\/uploads\/2023\/08\/jroth.webp 458w, https:\/\/www.ses-sterling.com\/blog\/wp-content\/uploads\/2023\/08\/jroth-300x300.webp 300w, https:\/\/www.ses-sterling.com\/blog\/wp-content\/uploads\/2023\/08\/jroth-150x150.webp 150w, https:\/\/www.ses-sterling.com\/blog\/wp-content\/uploads\/2023\/08\/jroth-100x100.webp 100w\" data-sizes=\"(max-width: 295px) 100vw, 295px\" src=\"data:image\/svg+xml;base64,PHN2ZyB3aWR0aD0iMSIgaGVpZ2h0PSIxIiB4bWxucz0iaHR0cDovL3d3dy53My5vcmcvMjAwMC9zdmciPjwvc3ZnPg==\" style=\"--smush-placeholder-width: 295px; --smush-placeholder-aspect-ratio: 295\/295;\" \/><figcaption id=\"caption-attachment-41924\" class=\"wp-caption-text\">Jurgen Roth &#8211; SES-STERLING GmbH<\/figcaption><\/figure>\n<p style=\"text-align: justify;\"><em>&#8220;D\u00e9but 2022, <a href=\"https:\/\/www.greenteam-stuttgart.de\/\" target=\"_blank\" rel=\"noopener\"><span style=\"color: #ff6600;\"><strong>GreenTeam<\/strong><\/span><\/a> m&#8217;a contact\u00e9 et m&#8217;a pr\u00e9sent\u00e9 le projet de concevoir et de fabriquer une voiture de course Formula Student enti\u00e8rement \u00e9lectrique. J&#8217;\u00e9tais (et je suis toujours) tr\u00e8s enthousiaste \u00e0 propos de cette id\u00e9e et il \u00e9tait donc clair que nous allions le soutenir mat\u00e9riellement et financi\u00e8rement. <br><\/em><br>Depuis plus de 95 ans, <strong>SES-STERLING<\/strong> fait partie des <strong>fabricants les plus innovants dans le domaine des syst\u00e8mes de guidage, de protection et d&#8217;identification de c\u00e2bles.<\/strong> Nos coll\u00e8gues en France fabriquent nos produits dans la plus haute qualit\u00e9 sur une surface de production de plus de 40.000 m<sup>2<\/sup>. Gr\u00e2ce \u00e0 notre service technique, nous sommes l&#8217;interlocuteur optimal pour nos clients et notre service de d\u00e9veloppement, \u00e9galement situ\u00e9 en France directement aupr\u00e8s de la production, nous permet de r\u00e9agir tr\u00e8s rapidement aux exigences les plus diverses de nos clients.<\/p>\n\n\n\n<p style=\"text-align: right;\"><em><strong>&nbsp; &nbsp; Nous sommes donc li\u00e9s \u00e0 GreenTeam par la devise : &#8220;L&#8217;innovation rencontre l&#8217;innovation&#8221;.<br><\/strong><\/em><\/p>\n\n\n\n<hr>\n<p>&nbsp;<\/p>\n\n\n\n<p>Nous sommes \u00e9galement int\u00e9ress\u00e9s par la mani\u00e8re dont GreenTeam \u00e9value sa collaboration avec SES-STERLING. Monsieur Fink, vous \u00eates coresponsable de l&#8217;\u00e9lectricit\u00e9 chez GreenTeam.<\/p>\n<hr>\n<p>&nbsp;<\/p>\n\n\n\n<p style=\"text-align: left;\"><strong>R\u00e9d.<\/strong><br><strong>&#8220;Monsieur Fink , quelles sont vos exp\u00e9riences avec les produits de SES-STERLING, quels sont les produits qui vous ont le plus enthousiasm\u00e9 et comment, d\u2019apr\u00e8s vous, se passe la collaboration ?&#8221;.<\/strong><\/p>\n\n\n\n<figure id=\"attachment_41925\" aria-describedby=\"caption-attachment-41925\" style=\"width: 295px\" class=\"wp-caption alignright\"><img decoding=\"async\" class=\"wp-image-41925 lazyload\" data-src=\"https:\/\/www.ses-sterling.com\/blog\/wp-content\/uploads\/2023\/08\/fink.webp\" alt=\"Simon Fink - GreenTeam\" width=\"295\" height=\"295\" data-srcset=\"https:\/\/www.ses-sterling.com\/blog\/wp-content\/uploads\/2023\/08\/fink.webp 458w, https:\/\/www.ses-sterling.com\/blog\/wp-content\/uploads\/2023\/08\/fink-300x300.webp 300w, https:\/\/www.ses-sterling.com\/blog\/wp-content\/uploads\/2023\/08\/fink-150x150.webp 150w, https:\/\/www.ses-sterling.com\/blog\/wp-content\/uploads\/2023\/08\/fink-100x100.webp 100w\" data-sizes=\"(max-width: 295px) 100vw, 295px\" src=\"data:image\/svg+xml;base64,PHN2ZyB3aWR0aD0iMSIgaGVpZ2h0PSIxIiB4bWxucz0iaHR0cDovL3d3dy53My5vcmcvMjAwMC9zdmciPjwvc3ZnPg==\" style=\"--smush-placeholder-width: 295px; --smush-placeholder-aspect-ratio: 295\/295;\" \/><figcaption id=\"caption-attachment-41925\" class=\"wp-caption-text\">&nbsp;&nbsp;&nbsp;&nbsp;&nbsp;&nbsp;&nbsp;&nbsp;&nbsp;&nbsp;&nbsp;&nbsp;&nbsp;&nbsp;&nbsp;&nbsp;&nbsp; Simon Fink &#8211; GreenTeam<\/figcaption><\/figure>\n<p style=\"text-align: justify;\"><em>&#8220;Fin octobre 2022 j\u2019ai \u00e9t\u00e9 mis en contact avec Mr Roth par mon pr\u00e9d\u00e9cesseur. On m&#8217;a alors parl\u00e9 avec enthousiasme des <a title=\"BELTO\u00ae, l\u2019attache-c\u00e2ble le plus innovant de SES-STERLING\" href=\"https:\/\/www.ses-sterling.com\/blog\/attache-cable-belto-innovation-ses-sterling\/\" target=\"_blank\" rel=\"noopener\"><span style=\"color: #ff6600;\"><strong>attache-c\u00e2bles BELTO<\/strong><\/span><\/a><\/em><span style=\"color: #ff6600;\"><strong><sup><span style=\"font-family: Liberation Serif, serif;\">\u00ae <\/span><\/sup><\/strong><\/span><em>qui, gr\u00e2ce \u00e0 leur <strong>t\u00eate plate<\/strong>, conviennent parfaitement pour <strong>un c\u00e2blage peu encombrant<\/strong> dans notre v\u00e9hicule de transport \u00e9lectrique. Nous manquons de place dans pratiquement tous les modules de travail du v\u00e9hicule, de sorte que <a title=\"BELTO\u00ae, l\u2019attache-c\u00e2ble le plus innovant de SES-STERLING\" href=\"https:\/\/www.ses-sterling.com\/blog\/attache-cable-belto-innovation-ses-sterling\/\" target=\"_blank\" rel=\"noopener\"><span style=\"color: #ff6600;\"><strong>les attache-c\u00e2bles BELTO<\/strong><\/span><\/a><\/em><span style=\"color: #ff6600;\"><strong><sup><span style=\"font-family: Liberation Serif, serif;\">\u00ae <\/span><\/sup><\/strong><\/span><em><strong>sont pour nous la solution parfaite<\/strong> pour minimiser ce probl\u00e8me.<\/em> <br><br><em>Au cours des discussions avec M. Roth et M. Benzenh\u00f6fer, il s&#8217;est av\u00e9r\u00e9 que SES-STERLING avait une nouvelle <a href=\"https:\/\/www.ses-sterling.com\/Catalogue.html?pdf=a06_01.pdf#page=3\" target=\"_blank\" rel=\"noopener\"><span style=\"color: #ff6600;\"><strong>gaine tress\u00e9e expansible orange<\/strong><\/span><\/a> dans sa gamme. Celle-ci convient parfaitement pour <strong>prot\u00e9ger nos c\u00e2bles haute tension contre les projections de pierres<\/strong>. Par rapport \u00e0 notre solution des ann\u00e9es pr\u00e9c\u00e9dentes, la gaine tress\u00e9e se caract\u00e9rise par <strong>une grande flexibilit\u00e9<\/strong>, ce qui nous permet de la poser facilement dans le v\u00e9hicule. De plus, l&#8217;aspect de la gaine tress\u00e9e est tr\u00e8s attrayant, c&#8217;est pourquoi certains de nos pr\u00e9d\u00e9cesseurs se la sont d\u00e9j\u00e0 procur\u00e9 afin de pouvoir l&#8217;installer lors de travaux d&#8217;entretien.<\/em><br><em><br>SES-STERLING ne se contente pas de nous fournir des <a title=\"BELTO\u00ae, l\u2019attache-c\u00e2ble le plus innovant de SES-STERLING\" href=\"https:\/\/www.ses-sterling.com\/blog\/attache-cable-belto-innovation-ses-sterling\/\" target=\"_blank\" rel=\"noopener\"><span style=\"color: #ff6600;\"><strong>colliers de serrage BELTO<sup>\u00ae<\/sup><\/strong><\/span><\/a> et des gaines tress\u00e9es, mais nous fournit pratiquement tous les composants dont nous avons besoin pour le guidage et la protection de nos c\u00e2bles. <br><\/em><br>Nous tenons \u00e0 les remercier chaleureusement pour leur formidable collaboration au cours des deux derni\u00e8res ann\u00e9es et nous nous r\u00e9jouissons d\u00e9j\u00e0 de d\u00e9couvrir d&#8217;autres innovations que les futures \u00e9quipes pourront installer dans les v\u00e9hicules de la <a href=\"https:\/\/www.greenteam-stuttgart.de\/\" target=\"_blank\" rel=\"noopener\"><span style=\"color: #ff6600;\"><strong>GreenTeam<\/strong><\/span><\/a>&#8220;<\/p>\n<p>&nbsp;<\/p>\n\n\n\n<div id='gallery-3' class='gallery galleryid-42081 gallery-columns-1 gallery-size-full'><figure class='gallery-item'>\n\t\t\t<div class='gallery-icon landscape'>\n\t\t\t\t<img decoding=\"async\" width=\"1279\" height=\"853\" data-src=\"https:\/\/www.ses-sterling.com\/blog\/wp-content\/uploads\/2023\/07\/TeamGreenTeam.jpg\" class=\"attachment-full size-full lazyload\" alt=\"\" data-srcset=\"https:\/\/www.ses-sterling.com\/blog\/wp-content\/uploads\/2023\/07\/TeamGreenTeam.jpg 1279w, https:\/\/www.ses-sterling.com\/blog\/wp-content\/uploads\/2023\/07\/TeamGreenTeam-300x200.jpg 300w, https:\/\/www.ses-sterling.com\/blog\/wp-content\/uploads\/2023\/07\/TeamGreenTeam-1024x683.jpg 1024w, https:\/\/www.ses-sterling.com\/blog\/wp-content\/uploads\/2023\/07\/TeamGreenTeam-150x100.jpg 150w, https:\/\/www.ses-sterling.com\/blog\/wp-content\/uploads\/2023\/07\/TeamGreenTeam-768x512.jpg 768w, https:\/\/www.ses-sterling.com\/blog\/wp-content\/uploads\/2023\/07\/TeamGreenTeam-272x182.jpg 272w\" data-sizes=\"100vw\" src=\"data:image\/svg+xml;base64,PHN2ZyB3aWR0aD0iMSIgaGVpZ2h0PSIxIiB4bWxucz0iaHR0cDovL3d3dy53My5vcmcvMjAwMC9zdmciPjwvc3ZnPg==\" style=\"--smush-placeholder-width: 1279px; --smush-placeholder-aspect-ratio: 1279\/853;\" \/>\n\t\t\t<\/div><\/figure>\n\t\t<\/div>\n\n\n\n\n<hr>\n<p>&nbsp;<\/p>\n\n\n\n<h4>Autres articles qui peuvent vous int\u00e9resser : <\/h4>\n\n\n\n\t\t\t<div class=\"wp-block-uagb-post-carousel uagb-post-grid  uagb-post__image-position-top uagb-post__image-enabled uagb-block-a4f5eb69     uagb-post__arrow-outside uagb-slick-carousel uagb-post__items uagb-post__columns-3 is-carousel uagb-post__columns-tablet-2 uagb-post__columns-mobile-1\" data-total=\"2\" style=\"\">\n\n\t\t\t\t\t\t\t\t\t\t\t\t<article class=\"uagb-post__inner-wrap\">\t\t\t\t\t\t\t\t<div class='uagb-post__image'>\n\t\t\t\t\t\t\t\t\t<a href=\"https:\/\/www.ses-sterling.com\/blog\/au-coeur-des-ateliers-de-fabrication-de-ses-sterling\/\" target=\"_self\" rel=\"bookmark noopener noreferrer\"><img decoding=\"async\" width=\"525\" height=\"237\" data-src=\"https:\/\/www.ses-sterling.com\/blog\/wp-content\/uploads\/2023\/09\/miniature_blog.webp\" class=\"attachment-large size-large lazyload\" alt=\"Miniature blog ateliers SES-STERLING\" data-srcset=\"https:\/\/www.ses-sterling.com\/blog\/wp-content\/uploads\/2023\/09\/miniature_blog.webp 620w, https:\/\/www.ses-sterling.com\/blog\/wp-content\/uploads\/2023\/09\/miniature_blog-300x135.webp 300w, https:\/\/www.ses-sterling.com\/blog\/wp-content\/uploads\/2023\/09\/miniature_blog-150x68.webp 150w\" data-sizes=\"100vw\" src=\"data:image\/svg+xml;base64,PHN2ZyB3aWR0aD0iMSIgaGVpZ2h0PSIxIiB4bWxucz0iaHR0cDovL3d3dy53My5vcmcvMjAwMC9zdmciPjwvc3ZnPg==\" style=\"--smush-placeholder-width: 525px; --smush-placeholder-aspect-ratio: 525\/237;\" \/>\t\t\t\t\t<\/a>\n\t\t\t\t\t\t\t\t\t<\/div>\n\t\t\t\t\t\t<h4 class=\"uagb-post__title uagb-post__text\">\n\t\t\t\t<a href=\"https:\/\/www.ses-sterling.com\/blog\/au-coeur-des-ateliers-de-fabrication-de-ses-sterling\/\" target=\"_self\" rel=\"bookmark noopener noreferrer\">Au c\u0153ur des ateliers de fabrication de SES-STERLING<\/a>\n\t\t\t<\/h4>\n\t\t\t\t\t\t<div class='uagb-post__text uagb-post-grid-byline'>\n\t\t\t\t\t\t\t\t<time datetime=\"2023-09-25T09:00:17+02:00\" class=\"uagb-post__date\">\n\t\t\t\t\t\t\t\t\t25 septembre 2023\t\t\t\t<\/time>\n\t\t\t\t\t\t<\/div>\n\t\t\t\t\t\t<div class=\"uagb-post__text uagb-post__cta wp-block-button\">\n\t\t\t\t<a class=\"wp-block-button__link uagb-text-link\" style=\"\" href=\"https:\/\/www.ses-sterling.com\/blog\/au-coeur-des-ateliers-de-fabrication-de-ses-sterling\/\" target=\"_self\" rel=\"bookmark noopener noreferrer\">Lire la suite&#8230;<\/a>\n\t\t\t<\/div>\n\t\t\t\n\t\t\t\t\t\t\t\t\t<\/article>\n\t\t\t\t\t\t\t\t\t\t\t\t\t\t\t\t<article class=\"uagb-post__inner-wrap\">\t\t\t\t\t\t\t\t<div class='uagb-post__image'>\n\t\t\t\t\t\t\t\t\t<a href=\"https:\/\/www.ses-sterling.com\/blog\/demenagement-de-ses-sterling-s-a\/\" target=\"_self\" rel=\"bookmark noopener noreferrer\"><img decoding=\"async\" width=\"525\" height=\"300\" data-src=\"https:\/\/www.ses-sterling.com\/blog\/wp-content\/uploads\/2018\/12\/Projet-Hesingue2020.jpg\" class=\"attachment-large size-large lazyload\" alt=\"Projet H\u00e9singue 2020 - D\u00e9m\u00e9nagement de SES-STERLING \u00e0 H\u00e9singue en 2020\" data-srcset=\"https:\/\/www.ses-sterling.com\/blog\/wp-content\/uploads\/2018\/12\/Projet-Hesingue2020.jpg 729w, https:\/\/www.ses-sterling.com\/blog\/wp-content\/uploads\/2018\/12\/Projet-Hesingue2020-300x172.jpg 300w\" data-sizes=\"100vw\" src=\"data:image\/svg+xml;base64,PHN2ZyB3aWR0aD0iMSIgaGVpZ2h0PSIxIiB4bWxucz0iaHR0cDovL3d3dy53My5vcmcvMjAwMC9zdmciPjwvc3ZnPg==\" style=\"--smush-placeholder-width: 525px; --smush-placeholder-aspect-ratio: 525\/300;\" \/>\t\t\t\t\t<\/a>\n\t\t\t\t\t\t\t\t\t<\/div>\n\t\t\t\t\t\t<h4 class=\"uagb-post__title uagb-post__text\">\n\t\t\t\t<a href=\"https:\/\/www.ses-sterling.com\/blog\/demenagement-de-ses-sterling-s-a\/\" target=\"_self\" rel=\"bookmark noopener noreferrer\">D\u00e9m\u00e9nagement de SES-STERLING S.A.<\/a>\n\t\t\t<\/h4>\n\t\t\t\t\t\t<div class='uagb-post__text uagb-post-grid-byline'>\n\t\t\t\t\t\t\t\t<time datetime=\"2018-12-06T10:00:13+01:00\" class=\"uagb-post__date\">\n\t\t\t\t\t\t\t\t\t6 d\u00e9cembre 2018\t\t\t\t<\/time>\n\t\t\t\t\t\t<\/div>\n\t\t\t\t\t\t<div class=\"uagb-post__text uagb-post__cta wp-block-button\">\n\t\t\t\t<a class=\"wp-block-button__link uagb-text-link\" style=\"\" href=\"https:\/\/www.ses-sterling.com\/blog\/demenagement-de-ses-sterling-s-a\/\" target=\"_self\" rel=\"bookmark noopener noreferrer\">Lire la suite&#8230;<\/a>\n\t\t\t<\/div>\n\t\t\t\n\t\t\t\t\t\t\t\t\t<\/article>\n\t\t\t\t\t\t\t\t\t\t\t\t\t\t\t\t<article class=\"uagb-post__inner-wrap\">\t\t\t\t\t\t\t\t<div class='uagb-post__image'>\n\t\t\t\t\t\t\t\t\t<a href=\"https:\/\/www.ses-sterling.com\/blog\/elastic-ses-sterling\/\" target=\"_self\" rel=\"bookmark noopener noreferrer\"><img decoding=\"async\" width=\"525\" height=\"237\" data-src=\"https:\/\/www.ses-sterling.com\/blog\/wp-content\/uploads\/2021\/10\/ELASTIC-Snippet.jpg\" class=\"attachment-large size-large lazyload\" alt=\"Interieur du site ELASTIC de SES-STERLING\" data-srcset=\"https:\/\/www.ses-sterling.com\/blog\/wp-content\/uploads\/2021\/10\/ELASTIC-Snippet.jpg 620w, https:\/\/www.ses-sterling.com\/blog\/wp-content\/uploads\/2021\/10\/ELASTIC-Snippet-300x135.jpg 300w, https:\/\/www.ses-sterling.com\/blog\/wp-content\/uploads\/2021\/10\/ELASTIC-Snippet-150x68.jpg 150w\" data-sizes=\"100vw\" src=\"data:image\/svg+xml;base64,PHN2ZyB3aWR0aD0iMSIgaGVpZ2h0PSIxIiB4bWxucz0iaHR0cDovL3d3dy53My5vcmcvMjAwMC9zdmciPjwvc3ZnPg==\" style=\"--smush-placeholder-width: 525px; --smush-placeholder-aspect-ratio: 525\/237;\" \/>\t\t\t\t\t<\/a>\n\t\t\t\t\t\t\t\t\t<\/div>\n\t\t\t\t\t\t<h4 class=\"uagb-post__title uagb-post__text\">\n\t\t\t\t<a href=\"https:\/\/www.ses-sterling.com\/blog\/elastic-ses-sterling\/\" target=\"_self\" rel=\"bookmark noopener noreferrer\">ELASTIC &#8211; SES-STERLING : une page d&#8217;histoire se tourne<\/a>\n\t\t\t<\/h4>\n\t\t\t\t\t\t<div class='uagb-post__text uagb-post-grid-byline'>\n\t\t\t\t\t\t\t\t<time datetime=\"2021-10-21T16:20:01+02:00\" class=\"uagb-post__date\">\n\t\t\t\t\t\t\t\t\t21 octobre 2021\t\t\t\t<\/time>\n\t\t\t\t\t\t<\/div>\n\t\t\t\t\t\t<div class=\"uagb-post__text uagb-post__cta wp-block-button\">\n\t\t\t\t<a class=\"wp-block-button__link uagb-text-link\" style=\"\" href=\"https:\/\/www.ses-sterling.com\/blog\/elastic-ses-sterling\/\" target=\"_self\" rel=\"bookmark noopener noreferrer\">Lire la suite&#8230;<\/a>\n\t\t\t<\/div>\n\t\t\t\n\t\t\t\t\t\t\t\t\t<\/article>\n\t\t\t\t\t\t\t\t\t\t\t\t\t\t\t\t<article class=\"uagb-post__inner-wrap\">\t\t\t\t\t\t\t\t<div class='uagb-post__image'>\n\t\t\t\t\t\t\t\t\t<a href=\"https:\/\/www.ses-sterling.com\/blog\/inauguration-de-lauwplast-retour-sur-son-histoire\/\" target=\"_self\" rel=\"bookmark noopener noreferrer\"><img decoding=\"async\" width=\"300\" height=\"142\" data-src=\"https:\/\/www.ses-sterling.com\/blog\/wp-content\/uploads\/2018\/11\/lawplast.jpg\" class=\"attachment-large size-large lazyload\" alt=\"\" data-sizes=\"100vw\" src=\"data:image\/svg+xml;base64,PHN2ZyB3aWR0aD0iMSIgaGVpZ2h0PSIxIiB4bWxucz0iaHR0cDovL3d3dy53My5vcmcvMjAwMC9zdmciPjwvc3ZnPg==\" style=\"--smush-placeholder-width: 300px; --smush-placeholder-aspect-ratio: 300\/142;\" \/>\t\t\t\t\t<\/a>\n\t\t\t\t\t\t\t\t\t<\/div>\n\t\t\t\t\t\t<h4 class=\"uagb-post__title uagb-post__text\">\n\t\t\t\t<a href=\"https:\/\/www.ses-sterling.com\/blog\/inauguration-de-lauwplast-retour-sur-son-histoire\/\" target=\"_self\" rel=\"bookmark noopener noreferrer\">Inauguration de LAUWPLAST : retour sur son histoire<\/a>\n\t\t\t<\/h4>\n\t\t\t\t\t\t<div class='uagb-post__text uagb-post-grid-byline'>\n\t\t\t\t\t\t\t\t<time datetime=\"2018-11-30T10:00:15+01:00\" class=\"uagb-post__date\">\n\t\t\t\t\t\t\t\t\t30 novembre 2018\t\t\t\t<\/time>\n\t\t\t\t\t\t<\/div>\n\t\t\t\t\t\t<div class=\"uagb-post__text uagb-post__cta wp-block-button\">\n\t\t\t\t<a class=\"wp-block-button__link uagb-text-link\" style=\"\" href=\"https:\/\/www.ses-sterling.com\/blog\/inauguration-de-lauwplast-retour-sur-son-histoire\/\" target=\"_self\" rel=\"bookmark noopener noreferrer\">Lire la suite&#8230;<\/a>\n\t\t\t<\/div>\n\t\t\t\n\t\t\t\t\t\t\t\t\t<\/article>\n\t\t\t\t\t\t\t\t\t\t\t<\/div>\n\t\t\t\n\n\n<h5 style=\"text-align: center;\">Suivez-nous sur les r\u00e9seaux sociaux<\/h5>\n\n\n\n<ul class=\"wp-block-social-links aligncenter is-style-logos-only is-layout-flex wp-block-social-links-is-layout-flex\"><li class=\"wp-social-link wp-social-link-facebook  wp-block-social-link\"><a href=\"https:\/\/www.facebook.com\/SESSTERLING\" class=\"wp-block-social-link-anchor\"><svg width=\"24\" height=\"24\" viewBox=\"0 0 24 24\" version=\"1.1\" xmlns=\"http:\/\/www.w3.org\/2000\/svg\" aria-hidden=\"true\" focusable=\"false\"><path d=\"M12 2C6.5 2 2 6.5 2 12c0 5 3.7 9.1 8.4 9.9v-7H7.9V12h2.5V9.8c0-2.5 1.5-3.9 3.8-3.9 1.1 0 2.2.2 2.2.2v2.5h-1.3c-1.2 0-1.6.8-1.6 1.6V12h2.8l-.4 2.9h-2.3v7C18.3 21.1 22 17 22 12c0-5.5-4.5-10-10-10z\"><\/path><\/svg><span class=\"wp-block-social-link-label screen-reader-text\">Facebook<\/span><\/a><\/li>\n\n<li class=\"wp-social-link wp-social-link-linkedin  wp-block-social-link\"><a href=\"https:\/\/www.linkedin.com\/company\/11049886\" class=\"wp-block-social-link-anchor\"><svg width=\"24\" height=\"24\" viewBox=\"0 0 24 24\" version=\"1.1\" xmlns=\"http:\/\/www.w3.org\/2000\/svg\" aria-hidden=\"true\" focusable=\"false\"><path d=\"M19.7,3H4.3C3.582,3,3,3.582,3,4.3v15.4C3,20.418,3.582,21,4.3,21h15.4c0.718,0,1.3-0.582,1.3-1.3V4.3 C21,3.582,20.418,3,19.7,3z M8.339,18.338H5.667v-8.59h2.672V18.338z M7.004,8.574c-0.857,0-1.549-0.694-1.549-1.548 c0-0.855,0.691-1.548,1.549-1.548c0.854,0,1.547,0.694,1.547,1.548C8.551,7.881,7.858,8.574,7.004,8.574z M18.339,18.338h-2.669 v-4.177c0-0.996-0.017-2.278-1.387-2.278c-1.389,0-1.601,1.086-1.601,2.206v4.249h-2.667v-8.59h2.559v1.174h0.037 c0.356-0.675,1.227-1.387,2.526-1.387c2.703,0,3.203,1.779,3.203,4.092V18.338z\"><\/path><\/svg><span class=\"wp-block-social-link-label screen-reader-text\">LinkedIn<\/span><\/a><\/li>\n\n<li class=\"wp-social-link wp-social-link-youtube  wp-block-social-link\"><a href=\"https:\/\/youtube.com\/@SESsterling\" class=\"wp-block-social-link-anchor\"><svg width=\"24\" height=\"24\" viewBox=\"0 0 24 24\" version=\"1.1\" xmlns=\"http:\/\/www.w3.org\/2000\/svg\" aria-hidden=\"true\" focusable=\"false\"><path d=\"M21.8,8.001c0,0-0.195-1.378-0.795-1.985c-0.76-0.797-1.613-0.801-2.004-0.847c-2.799-0.202-6.997-0.202-6.997-0.202 h-0.009c0,0-4.198,0-6.997,0.202C4.608,5.216,3.756,5.22,2.995,6.016C2.395,6.623,2.2,8.001,2.2,8.001S2,9.62,2,11.238v1.517 c0,1.618,0.2,3.237,0.2,3.237s0.195,1.378,0.795,1.985c0.761,0.797,1.76,0.771,2.205,0.855c1.6,0.153,6.8,0.201,6.8,0.201 s4.203-0.006,7.001-0.209c0.391-0.047,1.243-0.051,2.004-0.847c0.6-0.607,0.795-1.985,0.795-1.985s0.2-1.618,0.2-3.237v-1.517 C22,9.62,21.8,8.001,21.8,8.001z M9.935,14.594l-0.001-5.62l5.404,2.82L9.935,14.594z\"><\/path><\/svg><span class=\"wp-block-social-link-label screen-reader-text\">YouTube<\/span><\/a><\/li><\/ul>\n","protected":false},"excerpt":{"rendered":"<p>SES-STERLING GmbH sponsorise depuis 2022 la GreenTeam de l\u2019universit\u00e9 de Stuttgart. Cette \u00e9quipe de jeunes passionn\u00e9s d\u00e9veloppe des voitures de course \u00e9lectriques. SES-STERLING soutient l\u2019innovation et associe son expertise tout autour du c\u00e2ble au projet.<\/p>\n<p class=\"link-more\"><a href=\"https:\/\/www.ses-sterling.com\/blog\/ses-sterling-greenteam-fr\/\">Lire la suite<span class=\"screen-reader-text\"> &#8220;SES-STERLING sponsorise GREENTEAM Uni Stuttgart&#8221;<\/span><\/a><\/p>\n","protected":false},"author":1,"featured_media":42161,"comment_status":"open","ping_status":"open","sticky":false,"template":"","format":"standard","meta":{"om_disable_all_campaigns":false,"_uag_custom_page_level_css":"","advgb_blocks_editor_width":"","advgb_blocks_columns_visual_guide":"","_monsterinsights_skip_tracking":false,"_monsterinsights_sitenote_active":false,"_monsterinsights_sitenote_note":"","_monsterinsights_sitenote_category":0,"footnotes":""},"categories":[24,111],"tags":[],"class_list":["post-42081","post","type-post","status-publish","format-standard","has-post-thumbnail","hentry","category-actualites-entreprise","category-sites-ses-sterling"],"aioseo_notices":[],"author_meta":{"display_name":"admin","author_link":"https:\/\/www.ses-sterling.com\/blog\/author\/admin\/"},"featured_img":"https:\/\/www.ses-sterling.com\/blog\/wp-content\/uploads\/2023\/08\/snippet-GreenTeam-300x250.webp","uagb_featured_image_src":{"full":["https:\/\/www.ses-sterling.com\/blog\/wp-content\/uploads\/2023\/08\/snippet-GreenTeam.webp",600,500,false],"thumbnail":["https:\/\/www.ses-sterling.com\/blog\/wp-content\/uploads\/2023\/08\/snippet-GreenTeam-150x125.webp",150,125,true],"medium":["https:\/\/www.ses-sterling.com\/blog\/wp-content\/uploads\/2023\/08\/snippet-GreenTeam-300x250.webp",300,250,true],"medium_large":["https:\/\/www.ses-sterling.com\/blog\/wp-content\/uploads\/2023\/08\/snippet-GreenTeam.webp",525,438,false],"large":["https:\/\/www.ses-sterling.com\/blog\/wp-content\/uploads\/2023\/08\/snippet-GreenTeam.webp",525,438,false],"1536x1536":["https:\/\/www.ses-sterling.com\/blog\/wp-content\/uploads\/2023\/08\/snippet-GreenTeam.webp",600,500,false],"2048x2048":["https:\/\/www.ses-sterling.com\/blog\/wp-content\/uploads\/2023\/08\/snippet-GreenTeam.webp",600,500,false],"twentyseventeen-featured-image":["https:\/\/www.ses-sterling.com\/blog\/wp-content\/uploads\/2023\/08\/snippet-GreenTeam.webp",600,500,false],"twentyseventeen-thumbnail-avatar":["https:\/\/www.ses-sterling.com\/blog\/wp-content\/uploads\/2023\/08\/snippet-GreenTeam-100x100.webp",100,100,true],"sow-carousel-default":["https:\/\/www.ses-sterling.com\/blog\/wp-content\/uploads\/2023\/08\/snippet-GreenTeam-272x182.webp",272,182,true]},"uagb_author_info":{"display_name":"admin","author_link":"https:\/\/www.ses-sterling.com\/blog\/author\/admin\/"},"uagb_comment_info":0,"uagb_excerpt":"SES-STERLING GmbH sponsorise depuis 2022 la GreenTeam de l\u2019universit\u00e9 de Stuttgart. Cette \u00e9quipe de jeunes passionn\u00e9s d\u00e9veloppe des voitures de course \u00e9lectriques. SES-STERLING soutient l\u2019innovation et associe son expertise tout autour du c\u00e2ble au projet.Lire la suite \"SES-STERLING sponsorise GREENTEAM Uni Stuttgart\"","coauthors":[],"tax_additional":{"categories":{"linked":["<a href=\"https:\/\/www.ses-sterling.com\/blog\/category\/actualites-entreprise\/\" class=\"advgb-post-tax-term\">Actualit\u00e9s entreprise<\/a>","<a href=\"https:\/\/www.ses-sterling.com\/blog\/category\/actualites-entreprise\/sites-ses-sterling\/\" class=\"advgb-post-tax-term\">Vie d&#039;entreprise<\/a>"],"unlinked":["<span class=\"advgb-post-tax-term\">Actualit\u00e9s entreprise<\/span>","<span class=\"advgb-post-tax-term\">Vie d&#039;entreprise<\/span>"]}},"comment_count":"0","relative_dates":{"created":"Publi\u00e9 3 ans il y a","modified":"Mis \u00e0 jour 3 ans il y a"},"absolute_dates":{"created":"Publi\u00e9 le 1 septembre 2023","modified":"Mise \u00e0 jour le 22 septembre 2023"},"absolute_dates_time":{"created":"Publi\u00e9 le 1 septembre 2023 10:08","modified":"Mise \u00e0 jour le 22 septembre 2023 11:05"},"featured_img_caption":"","series_order":"","_links":{"self":[{"href":"https:\/\/www.ses-sterling.com\/blog\/wp-json\/wp\/v2\/posts\/42081","targetHints":{"allow":["GET"]}}],"collection":[{"href":"https:\/\/www.ses-sterling.com\/blog\/wp-json\/wp\/v2\/posts"}],"about":[{"href":"https:\/\/www.ses-sterling.com\/blog\/wp-json\/wp\/v2\/types\/post"}],"author":[{"embeddable":true,"href":"https:\/\/www.ses-sterling.com\/blog\/wp-json\/wp\/v2\/users\/1"}],"replies":[{"embeddable":true,"href":"https:\/\/www.ses-sterling.com\/blog\/wp-json\/wp\/v2\/comments?post=42081"}],"version-history":[{"count":23,"href":"https:\/\/www.ses-sterling.com\/blog\/wp-json\/wp\/v2\/posts\/42081\/revisions"}],"predecessor-version":[{"id":42283,"href":"https:\/\/www.ses-sterling.com\/blog\/wp-json\/wp\/v2\/posts\/42081\/revisions\/42283"}],"wp:featuredmedia":[{"embeddable":true,"href":"https:\/\/www.ses-sterling.com\/blog\/wp-json\/wp\/v2\/media\/42161"}],"wp:attachment":[{"href":"https:\/\/www.ses-sterling.com\/blog\/wp-json\/wp\/v2\/media?parent=42081"}],"wp:term":[{"taxonomy":"category","embeddable":true,"href":"https:\/\/www.ses-sterling.com\/blog\/wp-json\/wp\/v2\/categories?post=42081"},{"taxonomy":"post_tag","embeddable":true,"href":"https:\/\/www.ses-sterling.com\/blog\/wp-json\/wp\/v2\/tags?post=42081"}],"curies":[{"name":"wp","href":"https:\/\/api.w.org\/{rel}","templated":true}]}}