{"id":44750,"date":"2024-07-12T08:52:20","date_gmt":"2024-07-12T06:52:20","guid":{"rendered":"https:\/\/www.ses-sterling.com\/blog\/?p=44750"},"modified":"2024-08-30T11:31:56","modified_gmt":"2024-08-30T09:31:56","slug":"ses-sterling-salon-ineltec-2024-zurich","status":"publish","type":"post","link":"https:\/\/www.ses-sterling.com\/blog\/ses-sterling-salon-ineltec-2024-zurich\/","title":{"rendered":"SES-STERLING au salon ineltec\u00a0: retrouvez-nous les 11 et 12 septembre \u00e0 Zurich"},"content":{"rendered":"\n<div class=\"wp-block-uagb-image aligncenter uagb-block-1c8026c9 wp-block-uagb-image--layout-default wp-block-uagb-image--effect-static wp-block-uagb-image--align-center\"><figure class=\"wp-block-uagb-image__figure\"><img decoding=\"async\" data-srcset=\"https:\/\/www.ses-sterling.com\/blog\/wp-content\/uploads\/2024\/05\/ineltec-2024-3.jpg ,https:\/\/www.ses-sterling.com\/blog\/wp-content\/uploads\/2024\/05\/ineltec-2024-3.jpg 780w, https:\/\/www.ses-sterling.com\/blog\/wp-content\/uploads\/2024\/05\/ineltec-2024-3.jpg 360w\" data-sizes=\"auto, (max-width: 480px) 150px\" data-src=\"https:\/\/www.ses-sterling.com\/blog\/wp-content\/uploads\/2024\/05\/ineltec-2024-3.jpg\" alt=\"\" class=\"uag-image-44928 lazyload\" width=\"1587\" height=\"325\" title=\"\" src=\"data:image\/svg+xml;base64,PHN2ZyB3aWR0aD0iMSIgaGVpZ2h0PSIxIiB4bWxucz0iaHR0cDovL3d3dy53My5vcmcvMjAwMC9zdmciPjwvc3ZnPg==\" style=\"--smush-placeholder-width: 1587px; --smush-placeholder-aspect-ratio: 1587\/325;\" \/><\/figure><\/div>\n\n\n\n<p><br>Les 11 et 12 septembre 2024, le <strong>salon ineltec<\/strong> accueillera SES-STERLING \u00e0 Zurich avec un tout nouveau format.<\/p>\n\n\n\n<h2>Salon ineltec : le rendez-vous incontournable de la branche \u00e9lectrique<\/h2>\n\n\n\n<p><br>Pendant pr\u00e8s de 40 ans, le <strong>salon ineltec<\/strong> s\u2019est positionn\u00e9 comme un important point de rencontre entre les diff\u00e9rents acteurs de l\u2019\u00e9lectricit\u00e9 suisse. Apr\u00e8s sept ans d\u2019entracte, le salon rouvre ses portes aux professionnels du secteur avec une <strong>nouvelle formule\u2026 \u00ab&nbsp;reloaded&nbsp;\u00bb<\/strong>. <strong>Nouveau lieu, nouvelle dur\u00e9e et nouveau concept<\/strong> : ineltec fait son grand retour en proposant un format revisit\u00e9 et des informations plus concentr\u00e9es.<\/p>\n<p>Le salon se pr\u00e9sente d\u00e9sormais comme un v\u00e9ritable <strong>espace d\u2019\u00e9change entre professionnels<\/strong>. Ineltec, c\u2019est avant tout une place de march\u00e9 anim\u00e9e qui allie discussion et partage de connaissances. Les exposants, les partenaires et les visiteurs peuvent ainsi se rencontrer \u00e0 de multiples occasions (stands, conf\u00e9rences, bistrot, after-work, etc.) au c\u0153ur de la r\u00e9gion zurichoise.<\/p>\n<p>Cette ann\u00e9e, le salon r\u00e9unit &#8211; entre autres &#8211; les domaines de l&#8217;\u00e9lectrotechnique, l&#8217;automation du b\u00e2timent, l&#8217;\u00e9nergie dans le b\u00e2timent, l&#8217;e-mobilit\u00e9, l&#8217;infrastructure, l&#8217;\u00e9clairage et les solutions informatiques.<\/p>\n\n\n\n<h2>D\u00e9couvrez les solutions innovantes SES-STERLING au salon ineltec \u00e0 Zurich<\/h2>\n\n\n\n<p><br>SES-STERLING rejoint les 150 exposants du salon ineltec \u00e0 Zurich, pour deux jours de salon plac\u00e9s sous le signe de l&#8217;innovation.<\/p>\n\n\n\n<h3 style=\"padding: 0;\"><span style=\"color: #ff6900;\"><span style=\"font-family: quicksand;\">Des solutions innovantes et polyvalentes pour l\u2019industrie \u00e9lectrique<\/span><\/span><\/h3>\n\n\n\n<p>Sp\u00e9cialis\u00e9e dans le c\u00e2ble depuis pr\u00e8s d&#8217;un si\u00e8cle, SES-STERLING propose une gamme compl\u00e8te d\u2019<a href=\"https:\/\/www.ses-sterling.com\/produits\/catalogue\/\" target=\"_blank\" rel=\"noopener\"><strong>accessoires de c\u00e2blage<\/strong><\/a> ainsi que des <strong>solutions sur-mesure<\/strong> pour l\u2019industrie \u00e9lectrique. Le salon ineltec est l\u2019occasion de d\u00e9couvrir nos derni\u00e8res <strong>innovations<\/strong> et de trouver la r\u00e9ponse \u00e0 vos probl\u00e9matiques industrielles <strong>tout autour du c\u00e2ble<\/strong>.<\/p>\n<p>Avec plus de 26 000 r\u00e9f\u00e9rences en stock et livrables rapidement, nous proposons aux <strong>professionnels de l\u2019\u00e9lectricit\u00e9<\/strong> un large panel de solutions pour prot\u00e9ger, isoler, rep\u00e9rer, conduire et fixer les c\u00e2bles.<\/p>\n\n\n\n<p>Vous souhaitez en savoir plus sur nos produits ? Retrouvez vos conseillers experts sur le <strong>stand 26 &#8211; Halle 1 <\/strong>pour d\u00e9couvrir notre offre compl\u00e8te d\u00e9di\u00e9e au <strong>secteur de l\u2019\u00e9lectricit\u00e9<\/strong>. Rendez-vous sur <a href=\"https:\/\/www.ineltec.ch\/fr\/billet\" target=\"_blank\" rel=\"noopener\">www.ineltec.ch<\/a> pour obtenir votre ticket d&#8217;entr\u00e9e gratuit.<\/p>\n\n\n\n<h3 style=\"padding: 0;\"><span style=\"color: #ff6900;\"><span style=\"font-family: quicksand;\">Informations pratiques et acc\u00e8s au salon ineltec Zurich<br><\/span><\/span><\/h3>\n\n\n\n<div class=\"wp-block-uagb-container uagb-block-6602d0bb alignfull uagb-is-root-container\"><div class=\"uagb-container-inner-blocks-wrap\">\n<div class=\"wp-block-uagb-container uagb-block-76883cf0\">\n<p><strong><br>Horaires d&#8217;ouverture :<\/strong><br>Mercredi 11 septembre 2024 : 9h00 &#8211; 17h00 <br>Jeudi 12 septembre 2024 : 9h00 &#8211; 17h00<\/p>\n<p><strong>Adresse :<br><\/strong>Messe Z\u00fcrich<br>Halles 1 et 2<br>Wallisellenstrasse 49<br>8050 Z\u00fcrich, Suisse<\/p>\n<\/div>\n\n\n\n<div class=\"wp-block-uagb-container uagb-block-d33d2290\">\t\t\t<div \n\t\t\tclass=\"wp-block-uagb-google-map uagb-google-map__wrap uagb-block-8a58efd1     \"\n\t\t\tstyle=\"\" >\n\t\t\t\t<embed\n\t\t\t\t\tclass=\"uagb-google-map__iframe\"\n\t\t\t\t\ttitle=\"Carte Google pour \"\n\t\t\t\t\tsrc=\"https:\/\/maps.google.com\/maps?q=Messe%20Z%C3%BCrich%20&#038;z=12&#038;hl=en&#038;t=m&#038;output=embed&#038;iwloc=near\"\n\t\t\t\t\twidth=\"640\"\n\t\t\t\t\theight=\"300\"\n\t\t\t\t\tloading=\"lazy\"\n\t\t\t\t><\/embed>\n\t\t\t<\/div>\n\t\t\t<\/div>\n<\/div><\/div>\n\n\n\n<div class=\"wp-block-uagb-separator uagb-block-952f9db7\"><div class=\"wp-block-uagb-separator__inner\" style=\"--my-background-image:\"><\/div><\/div>\n\n\n\n<p><span style=\"color: #808080;\"><strong>Retrouvez-nous aussi sur :<\/strong> <\/span><\/p>\n\n\n\n\t\t\t<div class=\"wp-block-uagb-post-carousel uagb-post-grid  uagb-post__image-position-top uagb-post__image-enabled uagb-block-956c6f1b     uagb-post__arrow-outside uagb-slick-carousel uagb-post__items uagb-post__columns-3 is-carousel uagb-post__columns-tablet-2 uagb-post__columns-mobile-1 uagb-post__carousel_equal-height\" data-total=\"7\" style=\"\">\n\n\t\t\t\t\t\t\t\t\t\t\t\t<article class=\"uagb-post__inner-wrap\">\t\t\t\t\t\t\t\t<div class='uagb-post__image'>\n\t\t\t\t\t\t\t\t\t<a href=\"https:\/\/www.ses-sterling.com\/blog\/ses-sterling-salon-all-about-automation-heilbronn-2026\/\" target=\"_self\" rel=\"bookmark noopener noreferrer\"><img decoding=\"async\" width=\"525\" height=\"525\" data-src=\"https:\/\/www.ses-sterling.com\/blog\/wp-content\/uploads\/2026\/03\/AAA_HEILBRONN_Visuel_carre_2026_FR-1024x1024.png\" class=\"attachment-large size-large lazyload\" alt=\"\" data-srcset=\"https:\/\/www.ses-sterling.com\/blog\/wp-content\/uploads\/2026\/03\/AAA_HEILBRONN_Visuel_carre_2026_FR-1024x1024.png 1024w, https:\/\/www.ses-sterling.com\/blog\/wp-content\/uploads\/2026\/03\/AAA_HEILBRONN_Visuel_carre_2026_FR-300x300.png 300w, https:\/\/www.ses-sterling.com\/blog\/wp-content\/uploads\/2026\/03\/AAA_HEILBRONN_Visuel_carre_2026_FR-150x150.png 150w, https:\/\/www.ses-sterling.com\/blog\/wp-content\/uploads\/2026\/03\/AAA_HEILBRONN_Visuel_carre_2026_FR-768x768.png 768w, https:\/\/www.ses-sterling.com\/blog\/wp-content\/uploads\/2026\/03\/AAA_HEILBRONN_Visuel_carre_2026_FR-100x100.png 100w, https:\/\/www.ses-sterling.com\/blog\/wp-content\/uploads\/2026\/03\/AAA_HEILBRONN_Visuel_carre_2026_FR.png 1080w\" data-sizes=\"100vw\" src=\"data:image\/svg+xml;base64,PHN2ZyB3aWR0aD0iMSIgaGVpZ2h0PSIxIiB4bWxucz0iaHR0cDovL3d3dy53My5vcmcvMjAwMC9zdmciPjwvc3ZnPg==\" style=\"--smush-placeholder-width: 525px; --smush-placeholder-aspect-ratio: 525\/525;\" \/>\t\t\t\t\t<\/a>\n\t\t\t\t\t\t\t\t\t<\/div>\n\t\t\t\t\t\t<h4 class=\"uagb-post__title uagb-post__text\">\n\t\t\t\t<a href=\"https:\/\/www.ses-sterling.com\/blog\/ses-sterling-salon-all-about-automation-heilbronn-2026\/\" target=\"_self\" rel=\"bookmark noopener noreferrer\">Rencontrez-nous au salon All About Automation 2026 \u00e0 Heilbronn !<\/a>\n\t\t\t<\/h4>\n\t\t\t\t\t\t<div class='uagb-post__text uagb-post-grid-byline'>\n\t\t\t\t\t\t\t\t<time datetime=\"2026-04-27T13:45:27+02:00\" class=\"uagb-post__date\">\n\t\t\t\t<span class=\"dashicons-calendar dashicons\"><\/span>\t\t\t\t\t27 avril 2026\t\t\t\t<\/time>\n\t\t\t\t\t\t\t<span class=\"uagb-post__comment\">\n\t\t\t\t<span class=\"dashicons-admin-comments dashicons\"><\/span>\t\t\t\t\tAucun commentaire\t\t\t\t<\/span>\n\t\t\t\t\t\t<\/div>\n\t\t\t\t\t\t\t<div class='uagb-post__text uagb-post__excerpt'>\n\t\t\t\t\tSES-STERLING sera \u00e0 nouveau pr\u00e9sent au salon All About Automation \u00e0 Heilbronn les 6 et&#8230;\t\t\t\t<\/div>\n\t\t\t\t\t\t<div class=\"uagb-post__text uagb-post__cta wp-block-button\">\n\t\t\t\t<a class=\"wp-block-button__link uagb-text-link\" style=\"\" href=\"https:\/\/www.ses-sterling.com\/blog\/ses-sterling-salon-all-about-automation-heilbronn-2026\/\" target=\"_self\" rel=\"bookmark noopener noreferrer\">Lire la suite<\/a>\n\t\t\t<\/div>\n\t\t\t\n\t\t\t\t\t\t\t\t\t<\/article>\n\t\t\t\t\t\t\t\t\t\t\t\t\t\t\t\t<article class=\"uagb-post__inner-wrap\">\t\t\t\t\t\t\t\t<div class='uagb-post__image'>\n\t\t\t\t\t\t\t\t\t<a href=\"https:\/\/www.ses-sterling.com\/blog\/aaa-friedrichshafen-2026-salon-automation\/\" target=\"_self\" rel=\"bookmark noopener noreferrer\"><img decoding=\"async\" width=\"525\" height=\"525\" data-src=\"https:\/\/www.ses-sterling.com\/blog\/wp-content\/uploads\/2026\/02\/AAA_Friedrichschafen_Visuel_RS_FR.png\" class=\"attachment-large size-large lazyload\" alt=\"\" data-srcset=\"https:\/\/www.ses-sterling.com\/blog\/wp-content\/uploads\/2026\/02\/AAA_Friedrichschafen_Visuel_RS_FR.png 800w, https:\/\/www.ses-sterling.com\/blog\/wp-content\/uploads\/2026\/02\/AAA_Friedrichschafen_Visuel_RS_FR-300x300.png 300w, https:\/\/www.ses-sterling.com\/blog\/wp-content\/uploads\/2026\/02\/AAA_Friedrichschafen_Visuel_RS_FR-150x150.png 150w, https:\/\/www.ses-sterling.com\/blog\/wp-content\/uploads\/2026\/02\/AAA_Friedrichschafen_Visuel_RS_FR-768x768.png 768w, https:\/\/www.ses-sterling.com\/blog\/wp-content\/uploads\/2026\/02\/AAA_Friedrichschafen_Visuel_RS_FR-100x100.png 100w\" data-sizes=\"100vw\" src=\"data:image\/svg+xml;base64,PHN2ZyB3aWR0aD0iMSIgaGVpZ2h0PSIxIiB4bWxucz0iaHR0cDovL3d3dy53My5vcmcvMjAwMC9zdmciPjwvc3ZnPg==\" style=\"--smush-placeholder-width: 525px; --smush-placeholder-aspect-ratio: 525\/525;\" \/>\t\t\t\t\t<\/a>\n\t\t\t\t\t\t\t\t\t<\/div>\n\t\t\t\t\t\t<h4 class=\"uagb-post__title uagb-post__text\">\n\t\t\t\t<a href=\"https:\/\/www.ses-sterling.com\/blog\/aaa-friedrichshafen-2026-salon-automation\/\" target=\"_self\" rel=\"bookmark noopener noreferrer\">Venez nous rendre visite au salon All About Automation les 10 et 11 mars 2026 \u00e0 Friedrichshafen<\/a>\n\t\t\t<\/h4>\n\t\t\t\t\t\t<div class='uagb-post__text uagb-post-grid-byline'>\n\t\t\t\t\t\t\t\t<time datetime=\"2026-03-04T08:22:39+01:00\" class=\"uagb-post__date\">\n\t\t\t\t<span class=\"dashicons-calendar dashicons\"><\/span>\t\t\t\t\t4 mars 2026\t\t\t\t<\/time>\n\t\t\t\t\t\t\t<span class=\"uagb-post__comment\">\n\t\t\t\t<span class=\"dashicons-admin-comments dashicons\"><\/span>\t\t\t\t\tAucun commentaire\t\t\t\t<\/span>\n\t\t\t\t\t\t<\/div>\n\t\t\t\t\t\t\t<div class='uagb-post__text uagb-post__excerpt'>\n\t\t\t\t\t<p>Les 10 et 11 mars 2026, vous pourrez rencontrer SES-STERLING au salon All About Automation&#8230;\t\t\t\t<\/div>\n\t\t\t\t\t\t<div class=\"uagb-post__text uagb-post__cta wp-block-button\">\n\t\t\t\t<a class=\"wp-block-button__link uagb-text-link\" style=\"\" href=\"https:\/\/www.ses-sterling.com\/blog\/aaa-friedrichshafen-2026-salon-automation\/\" target=\"_self\" rel=\"bookmark noopener noreferrer\">Lire la suite<\/a>\n\t\t\t<\/div>\n\t\t\t\n\t\t\t\t\t\t\t\t\t<\/article>\n\t\t\t\t\t\t\t\t\t\t\t\t\t\t\t\t<article class=\"uagb-post__inner-wrap\">\t\t\t\t\t\t\t\t<div class='uagb-post__image'>\n\t\t\t\t\t\t\t\t\t<a href=\"https:\/\/www.ses-sterling.com\/blog\/ses-eupen-a-indumation-2026-solutions-autour-du-cable\/\" target=\"_self\" rel=\"bookmark noopener noreferrer\"><img decoding=\"async\" width=\"525\" height=\"525\" data-src=\"https:\/\/www.ses-sterling.com\/blog\/wp-content\/uploads\/2025\/11\/SES-STERLING-Salon-Indumation-2026-FR-1024x1024.webp\" class=\"attachment-large size-large lazyload\" alt=\"\" data-srcset=\"https:\/\/www.ses-sterling.com\/blog\/wp-content\/uploads\/2025\/11\/SES-STERLING-Salon-Indumation-2026-FR-1024x1024.webp 1024w, https:\/\/www.ses-sterling.com\/blog\/wp-content\/uploads\/2025\/11\/SES-STERLING-Salon-Indumation-2026-FR-300x300.webp 300w, https:\/\/www.ses-sterling.com\/blog\/wp-content\/uploads\/2025\/11\/SES-STERLING-Salon-Indumation-2026-FR-150x150.webp 150w, https:\/\/www.ses-sterling.com\/blog\/wp-content\/uploads\/2025\/11\/SES-STERLING-Salon-Indumation-2026-FR-768x768.webp 768w, https:\/\/www.ses-sterling.com\/blog\/wp-content\/uploads\/2025\/11\/SES-STERLING-Salon-Indumation-2026-FR-100x100.webp 100w, https:\/\/www.ses-sterling.com\/blog\/wp-content\/uploads\/2025\/11\/SES-STERLING-Salon-Indumation-2026-FR.webp 1080w\" data-sizes=\"100vw\" src=\"data:image\/svg+xml;base64,PHN2ZyB3aWR0aD0iMSIgaGVpZ2h0PSIxIiB4bWxucz0iaHR0cDovL3d3dy53My5vcmcvMjAwMC9zdmciPjwvc3ZnPg==\" style=\"--smush-placeholder-width: 525px; --smush-placeholder-aspect-ratio: 525\/525;\" \/>\t\t\t\t\t<\/a>\n\t\t\t\t\t\t\t\t\t<\/div>\n\t\t\t\t\t\t<h4 class=\"uagb-post__title uagb-post__text\">\n\t\t\t\t<a href=\"https:\/\/www.ses-sterling.com\/blog\/ses-eupen-a-indumation-2026-solutions-autour-du-cable\/\" target=\"_self\" rel=\"bookmark noopener noreferrer\">Retrouvez SES-EUPEN au salon Indumation 2026<\/a>\n\t\t\t<\/h4>\n\t\t\t\t\t\t<div class='uagb-post__text uagb-post-grid-byline'>\n\t\t\t\t\t\t\t\t<time datetime=\"2026-01-26T09:07:26+01:00\" class=\"uagb-post__date\">\n\t\t\t\t<span class=\"dashicons-calendar dashicons\"><\/span>\t\t\t\t\t26 janvier 2026\t\t\t\t<\/time>\n\t\t\t\t\t\t\t<span class=\"uagb-post__comment\">\n\t\t\t\t<span class=\"dashicons-admin-comments dashicons\"><\/span>\t\t\t\t\tAucun commentaire\t\t\t\t<\/span>\n\t\t\t\t\t\t<\/div>\n\t\t\t\t\t\t\t<div class='uagb-post__text uagb-post__excerpt'>\n\t\t\t\t\tSalon de r\u00e9f\u00e9rence au Benelux, Indumation se d\u00e9roulera du 4 au 6 f\u00e9vrier 2026 \u00e0&#8230;\t\t\t\t<\/div>\n\t\t\t\t\t\t<div class=\"uagb-post__text uagb-post__cta wp-block-button\">\n\t\t\t\t<a class=\"wp-block-button__link uagb-text-link\" style=\"\" href=\"https:\/\/www.ses-sterling.com\/blog\/ses-eupen-a-indumation-2026-solutions-autour-du-cable\/\" target=\"_self\" rel=\"bookmark noopener noreferrer\">Lire la suite<\/a>\n\t\t\t<\/div>\n\t\t\t\n\t\t\t\t\t\t\t\t\t<\/article>\n\t\t\t\t\t\t\t\t\t\t\t\t\t\t\t\t<article class=\"uagb-post__inner-wrap\">\t\t\t\t\t\t\t\t<div class='uagb-post__image'>\n\t\t\t\t\t\t\t\t\t<a href=\"https:\/\/www.ses-sterling.com\/blog\/all-about-automation-berlin-2026-solutions-ses-sterling\/\" target=\"_self\" rel=\"bookmark noopener noreferrer\"><img decoding=\"async\" width=\"525\" height=\"525\" data-src=\"https:\/\/www.ses-sterling.com\/blog\/wp-content\/uploads\/2026\/01\/AAA_Berlin_Visuel_RS_FR-1.jpg\" class=\"attachment-large size-large lazyload\" alt=\"\" data-srcset=\"https:\/\/www.ses-sterling.com\/blog\/wp-content\/uploads\/2026\/01\/AAA_Berlin_Visuel_RS_FR-1.jpg 800w, https:\/\/www.ses-sterling.com\/blog\/wp-content\/uploads\/2026\/01\/AAA_Berlin_Visuel_RS_FR-1-300x300.jpg 300w, https:\/\/www.ses-sterling.com\/blog\/wp-content\/uploads\/2026\/01\/AAA_Berlin_Visuel_RS_FR-1-150x150.jpg 150w, https:\/\/www.ses-sterling.com\/blog\/wp-content\/uploads\/2026\/01\/AAA_Berlin_Visuel_RS_FR-1-768x768.jpg 768w, https:\/\/www.ses-sterling.com\/blog\/wp-content\/uploads\/2026\/01\/AAA_Berlin_Visuel_RS_FR-1-100x100.jpg 100w\" data-sizes=\"100vw\" src=\"data:image\/svg+xml;base64,PHN2ZyB3aWR0aD0iMSIgaGVpZ2h0PSIxIiB4bWxucz0iaHR0cDovL3d3dy53My5vcmcvMjAwMC9zdmciPjwvc3ZnPg==\" style=\"--smush-placeholder-width: 525px; --smush-placeholder-aspect-ratio: 525\/525;\" \/>\t\t\t\t\t<\/a>\n\t\t\t\t\t\t\t\t\t<\/div>\n\t\t\t\t\t\t<h4 class=\"uagb-post__title uagb-post__text\">\n\t\t\t\t<a href=\"https:\/\/www.ses-sterling.com\/blog\/all-about-automation-berlin-2026-solutions-ses-sterling\/\" target=\"_self\" rel=\"bookmark noopener noreferrer\">All About Automation Berlin 2026\u00a0: d\u00e9couvrez les solutions de SES-STERLING<\/a>\n\t\t\t<\/h4>\n\t\t\t\t\t\t<div class='uagb-post__text uagb-post-grid-byline'>\n\t\t\t\t\t\t\t\t<time datetime=\"2026-01-21T13:25:25+01:00\" class=\"uagb-post__date\">\n\t\t\t\t<span class=\"dashicons-calendar dashicons\"><\/span>\t\t\t\t\t21 janvier 2026\t\t\t\t<\/time>\n\t\t\t\t\t\t\t<span class=\"uagb-post__comment\">\n\t\t\t\t<span class=\"dashicons-admin-comments dashicons\"><\/span>\t\t\t\t\tAucun commentaire\t\t\t\t<\/span>\n\t\t\t\t\t\t<\/div>\n\t\t\t\t\t\t\t<div class='uagb-post__text uagb-post__excerpt'>\n\t\t\t\t\tPour cette premi\u00e8re \u00e9dition, retrouvez l\u2019\u00e9quipe SES-STERLING sur notre stand n\u00b0240, halle 7 au parc&#8230;\t\t\t\t<\/div>\n\t\t\t\t\t\t<div class=\"uagb-post__text uagb-post__cta wp-block-button\">\n\t\t\t\t<a class=\"wp-block-button__link uagb-text-link\" style=\"\" href=\"https:\/\/www.ses-sterling.com\/blog\/all-about-automation-berlin-2026-solutions-ses-sterling\/\" target=\"_self\" rel=\"bookmark noopener noreferrer\">Lire la suite<\/a>\n\t\t\t<\/div>\n\t\t\t\n\t\t\t\t\t\t\t\t\t<\/article>\n\t\t\t\t\t\t\t\t\t\t\t\t\t\t\t\t<article class=\"uagb-post__inner-wrap\">\t\t\t\t\t\t\t\t<div class='uagb-post__image'>\n\t\t\t\t\t\t\t\t\t<a href=\"https:\/\/www.ses-sterling.com\/blog\/ses-sterling-sepem-douai-2026-salon-industriel\/\" target=\"_self\" rel=\"bookmark noopener noreferrer\"><img decoding=\"async\" width=\"525\" height=\"525\" data-src=\"https:\/\/www.ses-sterling.com\/blog\/wp-content\/uploads\/2025\/12\/SES-STERLING-SEPEM-DOUAI-2026-Visuel-carre-FR.webp\" class=\"attachment-large size-large lazyload\" alt=\"\" data-srcset=\"https:\/\/www.ses-sterling.com\/blog\/wp-content\/uploads\/2025\/12\/SES-STERLING-SEPEM-DOUAI-2026-Visuel-carre-FR.webp 800w, https:\/\/www.ses-sterling.com\/blog\/wp-content\/uploads\/2025\/12\/SES-STERLING-SEPEM-DOUAI-2026-Visuel-carre-FR-300x300.webp 300w, https:\/\/www.ses-sterling.com\/blog\/wp-content\/uploads\/2025\/12\/SES-STERLING-SEPEM-DOUAI-2026-Visuel-carre-FR-150x150.webp 150w, https:\/\/www.ses-sterling.com\/blog\/wp-content\/uploads\/2025\/12\/SES-STERLING-SEPEM-DOUAI-2026-Visuel-carre-FR-768x768.webp 768w, https:\/\/www.ses-sterling.com\/blog\/wp-content\/uploads\/2025\/12\/SES-STERLING-SEPEM-DOUAI-2026-Visuel-carre-FR-100x100.webp 100w\" data-sizes=\"100vw\" src=\"data:image\/svg+xml;base64,PHN2ZyB3aWR0aD0iMSIgaGVpZ2h0PSIxIiB4bWxucz0iaHR0cDovL3d3dy53My5vcmcvMjAwMC9zdmciPjwvc3ZnPg==\" style=\"--smush-placeholder-width: 525px; --smush-placeholder-aspect-ratio: 525\/525;\" \/>\t\t\t\t\t<\/a>\n\t\t\t\t\t\t\t\t\t<\/div>\n\t\t\t\t\t\t<h4 class=\"uagb-post__title uagb-post__text\">\n\t\t\t\t<a href=\"https:\/\/www.ses-sterling.com\/blog\/ses-sterling-sepem-douai-2026-salon-industriel\/\" target=\"_self\" rel=\"bookmark noopener noreferrer\">SES-STERLING au SEPEM Douai 2026\u00a0: prot\u00e9ger les machines pour une industrie plus s\u00fbre<\/a>\n\t\t\t<\/h4>\n\t\t\t\t\t\t<div class='uagb-post__text uagb-post-grid-byline'>\n\t\t\t\t\t\t\t\t<time datetime=\"2025-12-08T08:33:24+01:00\" class=\"uagb-post__date\">\n\t\t\t\t<span class=\"dashicons-calendar dashicons\"><\/span>\t\t\t\t\t8 d\u00e9cembre 2025\t\t\t\t<\/time>\n\t\t\t\t\t\t\t<span class=\"uagb-post__comment\">\n\t\t\t\t<span class=\"dashicons-admin-comments dashicons\"><\/span>\t\t\t\t\tAucun commentaire\t\t\t\t<\/span>\n\t\t\t\t\t\t<\/div>\n\t\t\t\t\t\t\t<div class='uagb-post__text uagb-post__excerpt'>\n\t\t\t\t\tRetrouvez nos produits d\u00e9di\u00e9s \u00e0 la protection, la fixation, l&#8217;isolement et le maintien des c\u00e2bles&#8230;\t\t\t\t<\/div>\n\t\t\t\t\t\t<div class=\"uagb-post__text uagb-post__cta wp-block-button\">\n\t\t\t\t<a class=\"wp-block-button__link uagb-text-link\" style=\"\" href=\"https:\/\/www.ses-sterling.com\/blog\/ses-sterling-sepem-douai-2026-salon-industriel\/\" target=\"_self\" rel=\"bookmark noopener noreferrer\">Lire la suite<\/a>\n\t\t\t<\/div>\n\t\t\t\n\t\t\t\t\t\t\t\t\t<\/article>\n\t\t\t\t\t\t\t\t\t\t\t\t\t\t\t\t<article class=\"uagb-post__inner-wrap\">\t\t\t\t\t\t\t\t<div class='uagb-post__image'>\n\t\t\t\t\t\t\t\t\t<a href=\"https:\/\/www.ses-sterling.com\/blog\/ses-sterling-au-salon-sps-2025-le-rendez-vous-industriel-incontournable\/\" target=\"_self\" rel=\"bookmark noopener noreferrer\"><img decoding=\"async\" width=\"525\" height=\"525\" data-src=\"https:\/\/www.ses-sterling.com\/blog\/wp-content\/uploads\/2025\/10\/SPS-2025-Visuel-carre-FR.png\" class=\"attachment-large size-large lazyload\" alt=\"Retrouvez SES-STERLING au salon SPS 2025 sur le stand 350 halle 3C !\" data-srcset=\"https:\/\/www.ses-sterling.com\/blog\/wp-content\/uploads\/2025\/10\/SPS-2025-Visuel-carre-FR.png 800w, https:\/\/www.ses-sterling.com\/blog\/wp-content\/uploads\/2025\/10\/SPS-2025-Visuel-carre-FR-300x300.png 300w, https:\/\/www.ses-sterling.com\/blog\/wp-content\/uploads\/2025\/10\/SPS-2025-Visuel-carre-FR-150x150.png 150w, https:\/\/www.ses-sterling.com\/blog\/wp-content\/uploads\/2025\/10\/SPS-2025-Visuel-carre-FR-768x768.png 768w, https:\/\/www.ses-sterling.com\/blog\/wp-content\/uploads\/2025\/10\/SPS-2025-Visuel-carre-FR-100x100.png 100w\" data-sizes=\"100vw\" src=\"data:image\/svg+xml;base64,PHN2ZyB3aWR0aD0iMSIgaGVpZ2h0PSIxIiB4bWxucz0iaHR0cDovL3d3dy53My5vcmcvMjAwMC9zdmciPjwvc3ZnPg==\" style=\"--smush-placeholder-width: 525px; --smush-placeholder-aspect-ratio: 525\/525;\" \/>\t\t\t\t\t<\/a>\n\t\t\t\t\t\t\t\t\t<\/div>\n\t\t\t\t\t\t<h4 class=\"uagb-post__title uagb-post__text\">\n\t\t\t\t<a href=\"https:\/\/www.ses-sterling.com\/blog\/ses-sterling-au-salon-sps-2025-le-rendez-vous-industriel-incontournable\/\" target=\"_self\" rel=\"bookmark noopener noreferrer\">SES-STERLING au salon SPS 2025 : le rendez-vous industriel incontournable<\/a>\n\t\t\t<\/h4>\n\t\t\t\t\t\t<div class='uagb-post__text uagb-post-grid-byline'>\n\t\t\t\t\t\t\t\t<time datetime=\"2025-11-12T09:15:29+01:00\" class=\"uagb-post__date\">\n\t\t\t\t<span class=\"dashicons-calendar dashicons\"><\/span>\t\t\t\t\t12 novembre 2025\t\t\t\t<\/time>\n\t\t\t\t\t\t\t<span class=\"uagb-post__comment\">\n\t\t\t\t<span class=\"dashicons-admin-comments dashicons\"><\/span>\t\t\t\t\tAucun commentaire\t\t\t\t<\/span>\n\t\t\t\t\t\t<\/div>\n\t\t\t\t\t\t\t<div class='uagb-post__text uagb-post__excerpt'>\n\t\t\t\t\tL\u2019entreprise SES-STERLING sera pr\u00e9sente au salon SPS 2025 \u00e0 Nuremberg du 25 au 27 novembre&#8230;.\t\t\t\t<\/div>\n\t\t\t\t\t\t<div class=\"uagb-post__text uagb-post__cta wp-block-button\">\n\t\t\t\t<a class=\"wp-block-button__link uagb-text-link\" style=\"\" href=\"https:\/\/www.ses-sterling.com\/blog\/ses-sterling-au-salon-sps-2025-le-rendez-vous-industriel-incontournable\/\" target=\"_self\" rel=\"bookmark noopener noreferrer\">Lire la suite<\/a>\n\t\t\t<\/div>\n\t\t\t\n\t\t\t\t\t\t\t\t\t<\/article>\n\t\t\t\t\t\t\t\t\t\t\t<\/div>\n\t\t\t","protected":false},"excerpt":{"rendered":"<p>Les 11 et 12 septembre 2024, le salon ineltec accueillera SES-STERLING \u00e0 Zurich avec un tout nouveau format. Apr\u00e8s sept ans d\u2019entracte, le salon rouvre ses portes aux professionnels du secteur avec une nouvelle formule\u2026 \u00ab\u00a0reloaded\u00a0\u00bb.<\/p>\n<p class=\"link-more\"><a href=\"https:\/\/www.ses-sterling.com\/blog\/ses-sterling-salon-ineltec-2024-zurich\/\">Lire la suite<span class=\"screen-reader-text\"> &#8220;SES-STERLING au salon ineltec\u00a0: retrouvez-nous les 11 et 12 septembre \u00e0 Zurich&#8221;<\/span><\/a><\/p>\n","protected":false},"author":1,"featured_media":45100,"comment_status":"open","ping_status":"open","sticky":false,"template":"","format":"standard","meta":{"om_disable_all_campaigns":false,"_uag_custom_page_level_css":"","advgb_blocks_editor_width":"","advgb_blocks_columns_visual_guide":"","_monsterinsights_skip_tracking":false,"_monsterinsights_sitenote_active":false,"_monsterinsights_sitenote_note":"","_monsterinsights_sitenote_category":0,"footnotes":""},"categories":[24,1,51],"tags":[402],"class_list":["post-44750","post","type-post","status-publish","format-standard","has-post-thumbnail","hentry","category-actualites-entreprise","category-non-classe","category-salons-expositions","tag-salon"],"aioseo_notices":[],"author_meta":{"display_name":"admin","author_link":"https:\/\/www.ses-sterling.com\/blog\/author\/admin\/"},"featured_img":"https:\/\/www.ses-sterling.com\/blog\/wp-content\/uploads\/2024\/06\/INELTEC-2024-FR-300x250.png","uagb_featured_image_src":{"full":["https:\/\/www.ses-sterling.com\/blog\/wp-content\/uploads\/2024\/06\/INELTEC-2024-FR.png",600,500,false],"thumbnail":["https:\/\/www.ses-sterling.com\/blog\/wp-content\/uploads\/2024\/06\/INELTEC-2024-FR-150x125.png",150,125,true],"medium":["https:\/\/www.ses-sterling.com\/blog\/wp-content\/uploads\/2024\/06\/INELTEC-2024-FR-300x250.png",300,250,true],"medium_large":["https:\/\/www.ses-sterling.com\/blog\/wp-content\/uploads\/2024\/06\/INELTEC-2024-FR.png",525,438,false],"large":["https:\/\/www.ses-sterling.com\/blog\/wp-content\/uploads\/2024\/06\/INELTEC-2024-FR.png",525,438,false],"1536x1536":["https:\/\/www.ses-sterling.com\/blog\/wp-content\/uploads\/2024\/06\/INELTEC-2024-FR.png",600,500,false],"2048x2048":["https:\/\/www.ses-sterling.com\/blog\/wp-content\/uploads\/2024\/06\/INELTEC-2024-FR.png",600,500,false],"twentyseventeen-featured-image":["https:\/\/www.ses-sterling.com\/blog\/wp-content\/uploads\/2024\/06\/INELTEC-2024-FR.png",600,500,false],"twentyseventeen-thumbnail-avatar":["https:\/\/www.ses-sterling.com\/blog\/wp-content\/uploads\/2024\/06\/INELTEC-2024-FR-100x100.png",100,100,true],"sow-carousel-default":["https:\/\/www.ses-sterling.com\/blog\/wp-content\/uploads\/2024\/06\/INELTEC-2024-FR-272x182.png",272,182,true]},"uagb_author_info":{"display_name":"admin","author_link":"https:\/\/www.ses-sterling.com\/blog\/author\/admin\/"},"uagb_comment_info":0,"uagb_excerpt":"Les 11 et 12 septembre 2024, le salon ineltec accueillera SES-STERLING \u00e0 Zurich avec un tout nouveau format. Apr\u00e8s sept ans d\u2019entracte, le salon rouvre ses portes aux professionnels du secteur avec une nouvelle formule\u2026 \u00ab\u00a0reloaded\u00a0\u00bb.Lire la suite \"SES-STERLING au salon ineltec\u00a0: retrouvez-nous les 11 et 12 septembre \u00e0 Zurich\"","coauthors":[],"tax_additional":{"categories":{"linked":["<a href=\"https:\/\/www.ses-sterling.com\/blog\/category\/actualites-entreprise\/\" class=\"advgb-post-tax-term\">Actualit\u00e9s entreprise<\/a>","<a href=\"https:\/\/www.ses-sterling.com\/blog\/category\/non-classe\/\" class=\"advgb-post-tax-term\">Non class\u00e9<\/a>","<a href=\"https:\/\/www.ses-sterling.com\/blog\/category\/actualites-entreprise\/salons-expositions\/\" class=\"advgb-post-tax-term\">Salons professionnels et expositions<\/a>"],"unlinked":["<span class=\"advgb-post-tax-term\">Actualit\u00e9s entreprise<\/span>","<span class=\"advgb-post-tax-term\">Non class\u00e9<\/span>","<span class=\"advgb-post-tax-term\">Salons professionnels et expositions<\/span>"]},"tags":{"linked":["<a href=\"https:\/\/www.ses-sterling.com\/blog\/category\/actualites-entreprise\/salons-expositions\/\" class=\"advgb-post-tax-term\">salon<\/a>"],"unlinked":["<span class=\"advgb-post-tax-term\">salon<\/span>"]}},"comment_count":0,"relative_dates":{"created":"Publi\u00e9 2 ans il y a","modified":"Mis \u00e0 jour 2 ans il y a"},"absolute_dates":{"created":"Publi\u00e9 le 12 juillet 2024","modified":"Mise \u00e0 jour le 30 ao\u00fbt 2024"},"absolute_dates_time":{"created":"Publi\u00e9 le 12 juillet 2024 08:52","modified":"Mise \u00e0 jour le 30 ao\u00fbt 2024 11:31"},"featured_img_caption":"","series_order":"","_links":{"self":[{"href":"https:\/\/www.ses-sterling.com\/blog\/wp-json\/wp\/v2\/posts\/44750","targetHints":{"allow":["GET"]}}],"collection":[{"href":"https:\/\/www.ses-sterling.com\/blog\/wp-json\/wp\/v2\/posts"}],"about":[{"href":"https:\/\/www.ses-sterling.com\/blog\/wp-json\/wp\/v2\/types\/post"}],"author":[{"embeddable":true,"href":"https:\/\/www.ses-sterling.com\/blog\/wp-json\/wp\/v2\/users\/1"}],"replies":[{"embeddable":true,"href":"https:\/\/www.ses-sterling.com\/blog\/wp-json\/wp\/v2\/comments?post=44750"}],"version-history":[{"count":23,"href":"https:\/\/www.ses-sterling.com\/blog\/wp-json\/wp\/v2\/posts\/44750\/revisions"}],"predecessor-version":[{"id":45908,"href":"https:\/\/www.ses-sterling.com\/blog\/wp-json\/wp\/v2\/posts\/44750\/revisions\/45908"}],"wp:featuredmedia":[{"embeddable":true,"href":"https:\/\/www.ses-sterling.com\/blog\/wp-json\/wp\/v2\/media\/45100"}],"wp:attachment":[{"href":"https:\/\/www.ses-sterling.com\/blog\/wp-json\/wp\/v2\/media?parent=44750"}],"wp:term":[{"taxonomy":"category","embeddable":true,"href":"https:\/\/www.ses-sterling.com\/blog\/wp-json\/wp\/v2\/categories?post=44750"},{"taxonomy":"post_tag","embeddable":true,"href":"https:\/\/www.ses-sterling.com\/blog\/wp-json\/wp\/v2\/tags?post=44750"}],"curies":[{"name":"wp","href":"https:\/\/api.w.org\/{rel}","templated":true}]}}