{"id":46786,"date":"2024-10-07T15:10:31","date_gmt":"2024-10-07T13:10:31","guid":{"rendered":"https:\/\/www.ses-sterling.com\/blog\/?p=46786"},"modified":"2024-10-07T15:10:36","modified_gmt":"2024-10-07T13:10:36","slug":"fmb-mechanical-engineering-trade-fair-2024","status":"publish","type":"post","link":"https:\/\/www.ses-sterling.com\/blog\/en\/fmb-mechanical-engineering-trade-fair-2024\/","title":{"rendered":"FMB &#8211; Fachmesse f\u00fcr Maschinenbau (Mechanical engineering trade fair): 5, 6 and 7 November 2024"},"content":{"rendered":"\n<div class=\"wp-block-uagb-image aligncenter uagb-block-37bfb4d0 wp-block-uagb-image--layout-default wp-block-uagb-image--effect-static wp-block-uagb-image--align-center\"><figure class=\"wp-block-uagb-image__figure\"><img decoding=\"async\" data-srcset=\"https:\/\/www.ses-sterling.com\/blog\/wp-content\/uploads\/2024\/09\/FMB-Banner.webp ,https:\/\/www.ses-sterling.com\/blog\/wp-content\/uploads\/2024\/09\/FMB-Banner.webp 780w, https:\/\/www.ses-sterling.com\/blog\/wp-content\/uploads\/2024\/09\/FMB-Banner.webp 360w\" data-sizes=\"auto, (max-width: 480px) 150px\" data-src=\"https:\/\/www.ses-sterling.com\/blog\/wp-content\/uploads\/2024\/09\/FMB-Banner.webp\" alt=\"\" class=\"uag-image-46644 lazyload\" width=\"1200\" height=\"400\" title=\"\" src=\"data:image\/svg+xml;base64,PHN2ZyB3aWR0aD0iMSIgaGVpZ2h0PSIxIiB4bWxucz0iaHR0cDovL3d3dy53My5vcmcvMjAwMC9zdmciPjwvc3ZnPg==\" style=\"--smush-placeholder-width: 1200px; --smush-placeholder-aspect-ratio: 1200\/400;\" \/><\/figure><\/div>\n\n\n\n<p style=\"text-align: left;\">SES-STERLING will be exhibiting at the <strong>FMB trade fair in Bad Salzuflen<\/strong> (Germany)<strong> from 5 to 7 November 2024<\/strong>.<\/p>\n\n\n\n<h2>FMB: the trade fair for mechanical engineering<\/h2>\n\n\n\n<p><br>The <strong>FMB &#8211; Fachmesse f\u00fcr Maschinenbau<\/strong> (Mechanical engineering trade fair) is a major event for mechanical engineering professionals in Germany. Since 2005, it has brought together all the key players in the sector to discuss the development, construction and optimisation of machinery for industry.<\/p>\n<p>The FMB regional trade fair covers all areas related to<strong> mechanical engineering<\/strong>: machine parts and modules, automation technologies, semi-finished products in metal or plastic, assembly systems, electrical engineering, laser technology, industrial software and services, robotics, etc. This year, 374 exhibitors (developers, designers, suppliers and service providers) will be coming together to offer solutions for optimising components, machines and production processes.<\/p>\n\n\n\n<h2>Visit SES-STERLING on stand 20 &#8211; E38 at the BKW exhibition.<\/h2>\n\n\n\n<p><br>Meet SES-STERLING&#8217;s expert advisers on stand 20 &#8211; E38 to discover our innovative cable solutions for industry. Experts in cabling since 1928, we offer a complete range of <strong>professional solutions for protecting, insulating, locating, conducting and fixing cables.<\/strong><\/p>\n<p>Would you like to find out more about our latest innovations? Download the new <a href=\"https:\/\/www.ses-sterling.com\/produits\/documentations\/\" target=\"_blank\" rel=\"noopener\">SES-STERLING catalogue.<\/a><\/p>\n\n\n\n<h2>Practical information and access to the BKW exhibition<\/h2>\n\n\n\n<div class=\"wp-block-uagb-container uagb-block-6602d0bb alignfull uagb-is-root-container\"><div class=\"uagb-container-inner-blocks-wrap\">\n<div class=\"wp-block-uagb-container uagb-block-76883cf0\">\n<p><a href=\"https:\/\/www.fmb-messe.de\/en\/visitor-registration\/\" target=\"_blank\" rel=\"noopener\">Click here<\/a> and enter the <span style=\"color: #ff6600;\"><strong>code 12330<\/strong>&nbsp;<\/span>to get your <strong>free admission ticket<\/strong>.<\/p>\n<p><strong>Opening hours :<br><\/strong>Tuesday, 5th November from 09:00 to 17:00<br>Wednesday, 6th November from 09:00 to 17:00<br>Thursday, 7th November from 09:00 to 16:00<\/p>\n<p><strong>Location :<br><\/strong>Messezentrum Bad Salzuflen<br>Benzstra\u00dfe 23<br>32108 Bad Salzuflen, Germany<\/p>\n<\/div>\n\n\n\n<div class=\"wp-block-uagb-container uagb-block-d33d2290\">\t\t\t<div \n\t\t\tclass=\"wp-block-uagb-google-map uagb-google-map__wrap uagb-block-8a58efd1     \"\n\t\t\tstyle=\"\" >\n\t\t\t\t<embed\n\t\t\t\t\tclass=\"uagb-google-map__iframe\"\n\t\t\t\t\ttitle=\"Carte Google pour \"\n\t\t\t\t\tsrc=\"https:\/\/maps.google.com\/maps?q=Exhibiton%20Centre%20Bad%20Salzuflen%20Benzstr.%2023%2032108%20Bad%20Salzuflen%2C%20Allemagne&#038;z=12&#038;hl=en&#038;t=m&#038;output=embed&#038;iwloc=near\"\n\t\t\t\t\twidth=\"640\"\n\t\t\t\t\theight=\"300\"\n\t\t\t\t\tloading=\"lazy\"\n\t\t\t\t><\/embed>\n\t\t\t<\/div>\n\t\t\t<\/div>\n<\/div><\/div>\n\n\n\n<div class=\"wp-block-uagb-separator uagb-block-7061f0bb\"><div class=\"wp-block-uagb-separator__inner\" style=\"--my-background-image:\"><\/div><\/div>\n\n\n\n<p><span style=\"color: #808080;\"><strong>You might also be interested in these other blog posts:<\/strong><\/span><\/p>\n\n\n\n\t\t\t<div class=\"wp-block-uagb-post-carousel uagb-post-grid  uagb-post__image-position-top uagb-post__image-enabled uagb-block-6d8ac062     uagb-post__arrow-outside uagb-slick-carousel uagb-post__items uagb-post__columns-3 is-carousel uagb-post__columns-tablet-2 uagb-post__columns-mobile-1 uagb-post__carousel_equal-height\" data-total=\"6\" style=\"\">\n\n\t\t\t\t\t\t\t\t\t\t\t\t<article class=\"uagb-post__inner-wrap\">\t\t\t\t\t\t\t\t<div class='uagb-post__image'>\n\t\t\t\t\t\t\t\t\t<a href=\"https:\/\/www.ses-sterling.com\/blog\/en\/visit-us-at-all-about-automation-on-6-and-7-may-2026-in-heilbronn\/\" target=\"_self\" rel=\"bookmark noopener noreferrer\"><img decoding=\"async\" width=\"525\" height=\"525\" data-src=\"https:\/\/www.ses-sterling.com\/blog\/wp-content\/uploads\/2026\/03\/AAA_HEILBRONN_Visuel_carre_2026_EN-1024x1024.png\" class=\"attachment-large size-large lazyload\" alt=\"\" data-srcset=\"https:\/\/www.ses-sterling.com\/blog\/wp-content\/uploads\/2026\/03\/AAA_HEILBRONN_Visuel_carre_2026_EN-1024x1024.png 1024w, https:\/\/www.ses-sterling.com\/blog\/wp-content\/uploads\/2026\/03\/AAA_HEILBRONN_Visuel_carre_2026_EN-300x300.png 300w, https:\/\/www.ses-sterling.com\/blog\/wp-content\/uploads\/2026\/03\/AAA_HEILBRONN_Visuel_carre_2026_EN-150x150.png 150w, https:\/\/www.ses-sterling.com\/blog\/wp-content\/uploads\/2026\/03\/AAA_HEILBRONN_Visuel_carre_2026_EN-768x768.png 768w, https:\/\/www.ses-sterling.com\/blog\/wp-content\/uploads\/2026\/03\/AAA_HEILBRONN_Visuel_carre_2026_EN-100x100.png 100w, https:\/\/www.ses-sterling.com\/blog\/wp-content\/uploads\/2026\/03\/AAA_HEILBRONN_Visuel_carre_2026_EN.png 1080w\" data-sizes=\"100vw\" src=\"data:image\/svg+xml;base64,PHN2ZyB3aWR0aD0iMSIgaGVpZ2h0PSIxIiB4bWxucz0iaHR0cDovL3d3dy53My5vcmcvMjAwMC9zdmciPjwvc3ZnPg==\" style=\"--smush-placeholder-width: 525px; --smush-placeholder-aspect-ratio: 525\/525;\" \/>\t\t\t\t\t<\/a>\n\t\t\t\t\t\t\t\t\t<\/div>\n\t\t\t\t\t\t<h4 class=\"uagb-post__title uagb-post__text\">\n\t\t\t\t<a href=\"https:\/\/www.ses-sterling.com\/blog\/en\/visit-us-at-all-about-automation-on-6-and-7-may-2026-in-heilbronn\/\" target=\"_self\" rel=\"bookmark noopener noreferrer\">Visit us at all about automation on 6 and 7 May 2026 in Heilbronn<\/a>\n\t\t\t<\/h4>\n\t\t\t\t\t\t<div class='uagb-post__text uagb-post-grid-byline'>\n\t\t\t\t\t\t\t\t<time datetime=\"2026-04-28T13:16:11+02:00\" class=\"uagb-post__date\">\n\t\t\t\t<span class=\"dashicons-calendar dashicons\"><\/span>\t\t\t\t\t28 avril 2026\t\t\t\t<\/time>\n\t\t\t\t\t\t\t<span class=\"uagb-post__comment\">\n\t\t\t\t<span class=\"dashicons-admin-comments dashicons\"><\/span>\t\t\t\t\tAucun commentaire\t\t\t\t<\/span>\n\t\t\t\t\t\t<\/div>\n\t\t\t\t\t\t\t<div class='uagb-post__text uagb-post__excerpt'>\n\t\t\t\t\tSES-STERLING will once again be exhibiting at all about automation in Heilbronn on 6 and&#8230;\t\t\t\t<\/div>\n\t\t\t\t\t\t<div class=\"uagb-post__text uagb-post__cta wp-block-button\">\n\t\t\t\t<a class=\"wp-block-button__link uagb-text-link\" style=\"\" href=\"https:\/\/www.ses-sterling.com\/blog\/en\/visit-us-at-all-about-automation-on-6-and-7-may-2026-in-heilbronn\/\" target=\"_self\" rel=\"bookmark noopener noreferrer\">Lire la suite<\/a>\n\t\t\t<\/div>\n\t\t\t\n\t\t\t\t\t\t\t\t\t<\/article>\n\t\t\t\t\t\t\t\t\t\t\t\t\t\t\t\t<article class=\"uagb-post__inner-wrap\">\t\t\t\t\t\t\t\t<div class='uagb-post__image'>\n\t\t\t\t\t\t\t\t\t<a href=\"https:\/\/www.ses-sterling.com\/blog\/en\/ses-sterling-at-all-about-automation-friedrichshafen-2026\/\" target=\"_self\" rel=\"bookmark noopener noreferrer\"><img decoding=\"async\" width=\"525\" height=\"525\" data-src=\"https:\/\/www.ses-sterling.com\/blog\/wp-content\/uploads\/2026\/02\/AAA_Friedrichschafen_Visuel_RS_EN.png\" class=\"attachment-large size-large lazyload\" alt=\"\" data-srcset=\"https:\/\/www.ses-sterling.com\/blog\/wp-content\/uploads\/2026\/02\/AAA_Friedrichschafen_Visuel_RS_EN.png 800w, https:\/\/www.ses-sterling.com\/blog\/wp-content\/uploads\/2026\/02\/AAA_Friedrichschafen_Visuel_RS_EN-300x300.png 300w, https:\/\/www.ses-sterling.com\/blog\/wp-content\/uploads\/2026\/02\/AAA_Friedrichschafen_Visuel_RS_EN-150x150.png 150w, https:\/\/www.ses-sterling.com\/blog\/wp-content\/uploads\/2026\/02\/AAA_Friedrichschafen_Visuel_RS_EN-768x768.png 768w, https:\/\/www.ses-sterling.com\/blog\/wp-content\/uploads\/2026\/02\/AAA_Friedrichschafen_Visuel_RS_EN-100x100.png 100w\" data-sizes=\"100vw\" src=\"data:image\/svg+xml;base64,PHN2ZyB3aWR0aD0iMSIgaGVpZ2h0PSIxIiB4bWxucz0iaHR0cDovL3d3dy53My5vcmcvMjAwMC9zdmciPjwvc3ZnPg==\" style=\"--smush-placeholder-width: 525px; --smush-placeholder-aspect-ratio: 525\/525;\" \/>\t\t\t\t\t<\/a>\n\t\t\t\t\t\t\t\t\t<\/div>\n\t\t\t\t\t\t<h4 class=\"uagb-post__title uagb-post__text\">\n\t\t\t\t<a href=\"https:\/\/www.ses-sterling.com\/blog\/en\/ses-sterling-at-all-about-automation-friedrichshafen-2026\/\" target=\"_self\" rel=\"bookmark noopener noreferrer\">Visit us at All About Automation on 10 and 11 March 2026 in Friedrichshafen<\/a>\n\t\t\t<\/h4>\n\t\t\t\t\t\t<div class='uagb-post__text uagb-post-grid-byline'>\n\t\t\t\t\t\t\t\t<time datetime=\"2026-03-04T08:35:50+01:00\" class=\"uagb-post__date\">\n\t\t\t\t<span class=\"dashicons-calendar dashicons\"><\/span>\t\t\t\t\t4 mars 2026\t\t\t\t<\/time>\n\t\t\t\t\t\t\t<span class=\"uagb-post__comment\">\n\t\t\t\t<span class=\"dashicons-admin-comments dashicons\"><\/span>\t\t\t\t\tAucun commentaire\t\t\t\t<\/span>\n\t\t\t\t\t\t<\/div>\n\t\t\t\t\t\t\t<div class='uagb-post__text uagb-post__excerpt'>\n\t\t\t\t\tOn 10 and 11 March 2026, you can meet SES-STERLING at the All About Automation&#8230;\t\t\t\t<\/div>\n\t\t\t\t\t\t<div class=\"uagb-post__text uagb-post__cta wp-block-button\">\n\t\t\t\t<a class=\"wp-block-button__link uagb-text-link\" style=\"\" href=\"https:\/\/www.ses-sterling.com\/blog\/en\/ses-sterling-at-all-about-automation-friedrichshafen-2026\/\" target=\"_self\" rel=\"bookmark noopener noreferrer\">Lire la suite<\/a>\n\t\t\t<\/div>\n\t\t\t\n\t\t\t\t\t\t\t\t\t<\/article>\n\t\t\t\t\t\t\t\t\t\t\t\t\t\t\t\t<article class=\"uagb-post__inner-wrap\">\t\t\t\t\t\t\t\t<div class='uagb-post__image'>\n\t\t\t\t\t\t\t\t\t<a href=\"https:\/\/www.ses-sterling.com\/blog\/en\/ses-eupen-at-indumation-2026\/\" target=\"_self\" rel=\"bookmark noopener noreferrer\"><img decoding=\"async\" width=\"525\" height=\"525\" data-src=\"https:\/\/www.ses-sterling.com\/blog\/wp-content\/uploads\/2025\/11\/SES-STERLING-Salon-Indumation-2026-EN-1024x1024.webp\" class=\"attachment-large size-large lazyload\" alt=\"\" data-srcset=\"https:\/\/www.ses-sterling.com\/blog\/wp-content\/uploads\/2025\/11\/SES-STERLING-Salon-Indumation-2026-EN-1024x1024.webp 1024w, https:\/\/www.ses-sterling.com\/blog\/wp-content\/uploads\/2025\/11\/SES-STERLING-Salon-Indumation-2026-EN-300x300.webp 300w, https:\/\/www.ses-sterling.com\/blog\/wp-content\/uploads\/2025\/11\/SES-STERLING-Salon-Indumation-2026-EN-150x150.webp 150w, https:\/\/www.ses-sterling.com\/blog\/wp-content\/uploads\/2025\/11\/SES-STERLING-Salon-Indumation-2026-EN-768x768.webp 768w, https:\/\/www.ses-sterling.com\/blog\/wp-content\/uploads\/2025\/11\/SES-STERLING-Salon-Indumation-2026-EN-100x100.webp 100w, https:\/\/www.ses-sterling.com\/blog\/wp-content\/uploads\/2025\/11\/SES-STERLING-Salon-Indumation-2026-EN.webp 1080w\" data-sizes=\"100vw\" src=\"data:image\/svg+xml;base64,PHN2ZyB3aWR0aD0iMSIgaGVpZ2h0PSIxIiB4bWxucz0iaHR0cDovL3d3dy53My5vcmcvMjAwMC9zdmciPjwvc3ZnPg==\" style=\"--smush-placeholder-width: 525px; --smush-placeholder-aspect-ratio: 525\/525;\" \/>\t\t\t\t\t<\/a>\n\t\t\t\t\t\t\t\t\t<\/div>\n\t\t\t\t\t\t<h4 class=\"uagb-post__title uagb-post__text\">\n\t\t\t\t<a href=\"https:\/\/www.ses-sterling.com\/blog\/en\/ses-eupen-at-indumation-2026\/\" target=\"_self\" rel=\"bookmark noopener noreferrer\">SES-EUPEN at Indumation 2026: our solutions around the cable<\/a>\n\t\t\t<\/h4>\n\t\t\t\t\t\t<div class='uagb-post__text uagb-post-grid-byline'>\n\t\t\t\t\t\t\t\t<time datetime=\"2026-01-26T09:20:52+01:00\" class=\"uagb-post__date\">\n\t\t\t\t<span class=\"dashicons-calendar dashicons\"><\/span>\t\t\t\t\t26 janvier 2026\t\t\t\t<\/time>\n\t\t\t\t\t\t\t<span class=\"uagb-post__comment\">\n\t\t\t\t<span class=\"dashicons-admin-comments dashicons\"><\/span>\t\t\t\t\tAucun commentaire\t\t\t\t<\/span>\n\t\t\t\t\t\t<\/div>\n\t\t\t\t\t\t\t<div class='uagb-post__text uagb-post__excerpt'>\n\t\t\t\t\tIndumation, the leading trade fair in the Benelux, will take place from 4 to 6&#8230;\t\t\t\t<\/div>\n\t\t\t\t\t\t<div class=\"uagb-post__text uagb-post__cta wp-block-button\">\n\t\t\t\t<a class=\"wp-block-button__link uagb-text-link\" style=\"\" href=\"https:\/\/www.ses-sterling.com\/blog\/en\/ses-eupen-at-indumation-2026\/\" target=\"_self\" rel=\"bookmark noopener noreferrer\">Lire la suite<\/a>\n\t\t\t<\/div>\n\t\t\t\n\t\t\t\t\t\t\t\t\t<\/article>\n\t\t\t\t\t\t\t\t\t\t\t\t\t\t\t\t<article class=\"uagb-post__inner-wrap\">\t\t\t\t\t\t\t\t<div class='uagb-post__image'>\n\t\t\t\t\t\t\t\t\t<a href=\"https:\/\/www.ses-sterling.com\/blog\/en\/all-about-automation-berlin-2026-trade-fair-ses-sterling\/\" target=\"_self\" rel=\"bookmark noopener noreferrer\"><img decoding=\"async\" width=\"525\" height=\"525\" data-src=\"https:\/\/www.ses-sterling.com\/blog\/wp-content\/uploads\/2026\/01\/AAA_Berlin_Visuel_RS_EN.jpg\" class=\"attachment-large size-large lazyload\" alt=\"\" data-srcset=\"https:\/\/www.ses-sterling.com\/blog\/wp-content\/uploads\/2026\/01\/AAA_Berlin_Visuel_RS_EN.jpg 800w, https:\/\/www.ses-sterling.com\/blog\/wp-content\/uploads\/2026\/01\/AAA_Berlin_Visuel_RS_EN-300x300.jpg 300w, https:\/\/www.ses-sterling.com\/blog\/wp-content\/uploads\/2026\/01\/AAA_Berlin_Visuel_RS_EN-150x150.jpg 150w, https:\/\/www.ses-sterling.com\/blog\/wp-content\/uploads\/2026\/01\/AAA_Berlin_Visuel_RS_EN-768x768.jpg 768w, https:\/\/www.ses-sterling.com\/blog\/wp-content\/uploads\/2026\/01\/AAA_Berlin_Visuel_RS_EN-100x100.jpg 100w\" data-sizes=\"100vw\" src=\"data:image\/svg+xml;base64,PHN2ZyB3aWR0aD0iMSIgaGVpZ2h0PSIxIiB4bWxucz0iaHR0cDovL3d3dy53My5vcmcvMjAwMC9zdmciPjwvc3ZnPg==\" style=\"--smush-placeholder-width: 525px; --smush-placeholder-aspect-ratio: 525\/525;\" \/>\t\t\t\t\t<\/a>\n\t\t\t\t\t\t\t\t\t<\/div>\n\t\t\t\t\t\t<h4 class=\"uagb-post__title uagb-post__text\">\n\t\t\t\t<a href=\"https:\/\/www.ses-sterling.com\/blog\/en\/all-about-automation-berlin-2026-trade-fair-ses-sterling\/\" target=\"_self\" rel=\"bookmark noopener noreferrer\">Meet SES-STERLING at All About Automation Berlin 2026: cable accessories for industrial applications<\/a>\n\t\t\t<\/h4>\n\t\t\t\t\t\t<div class='uagb-post__text uagb-post-grid-byline'>\n\t\t\t\t\t\t\t\t<time datetime=\"2026-01-21T09:27:16+01:00\" class=\"uagb-post__date\">\n\t\t\t\t<span class=\"dashicons-calendar dashicons\"><\/span>\t\t\t\t\t21 janvier 2026\t\t\t\t<\/time>\n\t\t\t\t\t\t\t<span class=\"uagb-post__comment\">\n\t\t\t\t<span class=\"dashicons-admin-comments dashicons\"><\/span>\t\t\t\t\tAucun commentaire\t\t\t\t<\/span>\n\t\t\t\t\t\t<\/div>\n\t\t\t\t\t\t\t<div class='uagb-post__text uagb-post__excerpt'>\n\t\t\t\t\tMeet the SES-STERLING team at stand 240, hall 7, for this first edition in Berlin&#8230;.\t\t\t\t<\/div>\n\t\t\t\t\t\t<div class=\"uagb-post__text uagb-post__cta wp-block-button\">\n\t\t\t\t<a class=\"wp-block-button__link uagb-text-link\" style=\"\" href=\"https:\/\/www.ses-sterling.com\/blog\/en\/all-about-automation-berlin-2026-trade-fair-ses-sterling\/\" target=\"_self\" rel=\"bookmark noopener noreferrer\">Lire la suite<\/a>\n\t\t\t<\/div>\n\t\t\t\n\t\t\t\t\t\t\t\t\t<\/article>\n\t\t\t\t\t\t\t\t\t\t\t\t\t\t\t\t<article class=\"uagb-post__inner-wrap\">\t\t\t\t\t\t\t\t<div class='uagb-post__image'>\n\t\t\t\t\t\t\t\t\t<a href=\"https:\/\/www.ses-sterling.com\/blog\/en\/ses-sterling-at-sps-2025-industrial-event\/\" target=\"_self\" rel=\"bookmark noopener noreferrer\"><img decoding=\"async\" width=\"525\" height=\"525\" data-src=\"https:\/\/www.ses-sterling.com\/blog\/wp-content\/uploads\/2025\/10\/SPS-2025-Visuel-carre-EN.png\" class=\"attachment-large size-large lazyload\" alt=\"Find us at SPS 2025 at the stand 350, halle 3C!\" data-srcset=\"https:\/\/www.ses-sterling.com\/blog\/wp-content\/uploads\/2025\/10\/SPS-2025-Visuel-carre-EN.png 800w, https:\/\/www.ses-sterling.com\/blog\/wp-content\/uploads\/2025\/10\/SPS-2025-Visuel-carre-EN-300x300.png 300w, https:\/\/www.ses-sterling.com\/blog\/wp-content\/uploads\/2025\/10\/SPS-2025-Visuel-carre-EN-150x150.png 150w, https:\/\/www.ses-sterling.com\/blog\/wp-content\/uploads\/2025\/10\/SPS-2025-Visuel-carre-EN-768x768.png 768w, https:\/\/www.ses-sterling.com\/blog\/wp-content\/uploads\/2025\/10\/SPS-2025-Visuel-carre-EN-100x100.png 100w\" data-sizes=\"100vw\" src=\"data:image\/svg+xml;base64,PHN2ZyB3aWR0aD0iMSIgaGVpZ2h0PSIxIiB4bWxucz0iaHR0cDovL3d3dy53My5vcmcvMjAwMC9zdmciPjwvc3ZnPg==\" style=\"--smush-placeholder-width: 525px; --smush-placeholder-aspect-ratio: 525\/525;\" \/>\t\t\t\t\t<\/a>\n\t\t\t\t\t\t\t\t\t<\/div>\n\t\t\t\t\t\t<h4 class=\"uagb-post__title uagb-post__text\">\n\t\t\t\t<a href=\"https:\/\/www.ses-sterling.com\/blog\/en\/ses-sterling-at-sps-2025-industrial-event\/\" target=\"_self\" rel=\"bookmark noopener noreferrer\">SES-STERLING at SPS 2025: the must-attend industrial event<\/a>\n\t\t\t<\/h4>\n\t\t\t\t\t\t<div class='uagb-post__text uagb-post-grid-byline'>\n\t\t\t\t\t\t\t\t<time datetime=\"2025-11-12T09:31:15+01:00\" class=\"uagb-post__date\">\n\t\t\t\t<span class=\"dashicons-calendar dashicons\"><\/span>\t\t\t\t\t12 novembre 2025\t\t\t\t<\/time>\n\t\t\t\t\t\t\t<span class=\"uagb-post__comment\">\n\t\t\t\t<span class=\"dashicons-admin-comments dashicons\"><\/span>\t\t\t\t\tAucun commentaire\t\t\t\t<\/span>\n\t\t\t\t\t\t<\/div>\n\t\t\t\t\t\t\t<div class='uagb-post__text uagb-post__excerpt'>\n\t\t\t\t\tSES-STERLING will be exhibiting at SPS 2025 in Nuremberg from 25 to 27 November. Discover&#8230;\t\t\t\t<\/div>\n\t\t\t\t\t\t<div class=\"uagb-post__text uagb-post__cta wp-block-button\">\n\t\t\t\t<a class=\"wp-block-button__link uagb-text-link\" style=\"\" href=\"https:\/\/www.ses-sterling.com\/blog\/en\/ses-sterling-at-sps-2025-industrial-event\/\" target=\"_self\" rel=\"bookmark noopener noreferrer\">Lire la suite<\/a>\n\t\t\t<\/div>\n\t\t\t\n\t\t\t\t\t\t\t\t\t<\/article>\n\t\t\t\t\t\t\t\t\t\t\t\t\t\t\t\t<article class=\"uagb-post__inner-wrap\">\t\t\t\t\t\t\t\t<div class='uagb-post__image'>\n\t\t\t\t\t\t\t\t\t<a href=\"https:\/\/www.ses-sterling.com\/blog\/en\/ses-sterling-world-nuclear-exhibition-2025\/\" target=\"_self\" rel=\"bookmark noopener noreferrer\"><img decoding=\"async\" width=\"525\" height=\"525\" data-src=\"https:\/\/www.ses-sterling.com\/blog\/wp-content\/uploads\/2025\/10\/Retrouvez-nous-salon-WNE-2025-EN-1024x1024.webp\" class=\"attachment-large size-large lazyload\" alt=\"Find SES-STERLING at the WNE 2025 at stand A106 !\" data-srcset=\"https:\/\/www.ses-sterling.com\/blog\/wp-content\/uploads\/2025\/10\/Retrouvez-nous-salon-WNE-2025-EN-1024x1024.webp 1024w, https:\/\/www.ses-sterling.com\/blog\/wp-content\/uploads\/2025\/10\/Retrouvez-nous-salon-WNE-2025-EN-300x300.webp 300w, https:\/\/www.ses-sterling.com\/blog\/wp-content\/uploads\/2025\/10\/Retrouvez-nous-salon-WNE-2025-EN-150x150.webp 150w, https:\/\/www.ses-sterling.com\/blog\/wp-content\/uploads\/2025\/10\/Retrouvez-nous-salon-WNE-2025-EN-768x768.webp 768w, https:\/\/www.ses-sterling.com\/blog\/wp-content\/uploads\/2025\/10\/Retrouvez-nous-salon-WNE-2025-EN-100x100.webp 100w, https:\/\/www.ses-sterling.com\/blog\/wp-content\/uploads\/2025\/10\/Retrouvez-nous-salon-WNE-2025-EN.webp 1080w\" data-sizes=\"100vw\" src=\"data:image\/svg+xml;base64,PHN2ZyB3aWR0aD0iMSIgaGVpZ2h0PSIxIiB4bWxucz0iaHR0cDovL3d3dy53My5vcmcvMjAwMC9zdmciPjwvc3ZnPg==\" style=\"--smush-placeholder-width: 525px; --smush-placeholder-aspect-ratio: 525\/525;\" \/>\t\t\t\t\t<\/a>\n\t\t\t\t\t\t\t\t\t<\/div>\n\t\t\t\t\t\t<h4 class=\"uagb-post__title uagb-post__text\">\n\t\t\t\t<a href=\"https:\/\/www.ses-sterling.com\/blog\/en\/ses-sterling-world-nuclear-exhibition-2025\/\" target=\"_self\" rel=\"bookmark noopener noreferrer\">SES-STERLING at WNE: identifying, protecting, and securing cables for safer nuclear power<\/a>\n\t\t\t<\/h4>\n\t\t\t\t\t\t<div class='uagb-post__text uagb-post-grid-byline'>\n\t\t\t\t\t\t\t\t<time datetime=\"2025-10-29T08:07:50+01:00\" class=\"uagb-post__date\">\n\t\t\t\t<span class=\"dashicons-calendar dashicons\"><\/span>\t\t\t\t\t29 octobre 2025\t\t\t\t<\/time>\n\t\t\t\t\t\t\t<span class=\"uagb-post__comment\">\n\t\t\t\t<span class=\"dashicons-admin-comments dashicons\"><\/span>\t\t\t\t\tAucun commentaire\t\t\t\t<\/span>\n\t\t\t\t\t\t<\/div>\n\t\t\t\t\t\t\t<div class='uagb-post__text uagb-post__excerpt'>\n\t\t\t\t\tFor the 2025 edition, find SES-STERLING at stand A106 and come and discuss our services.\t\t\t\t<\/div>\n\t\t\t\t\t\t<div class=\"uagb-post__text uagb-post__cta wp-block-button\">\n\t\t\t\t<a class=\"wp-block-button__link uagb-text-link\" style=\"\" href=\"https:\/\/www.ses-sterling.com\/blog\/en\/ses-sterling-world-nuclear-exhibition-2025\/\" target=\"_self\" rel=\"bookmark noopener noreferrer\">Lire la suite<\/a>\n\t\t\t<\/div>\n\t\t\t\n\t\t\t\t\t\t\t\t\t<\/article>\n\t\t\t\t\t\t\t\t\t\t\t<\/div>\n\t\t\t","protected":false},"excerpt":{"rendered":"<p>SES-STERLING will be exhibiting at the FMB trade fair in Bad Salzuflen (Germany) from 5 to 7 November 2024. FMB: the trade fair for mechanical engineering The FMB &#8211; Fachmesse f\u00fcr Maschinenbau (Mechanical engineering trade fair) is a major event for mechanical engineering professionals in Germany. Since 2005, it has brought together all the key &hellip; <\/p>\n<p class=\"link-more\"><a href=\"https:\/\/www.ses-sterling.com\/blog\/en\/fmb-mechanical-engineering-trade-fair-2024\/\" class=\"more-link\">Continuer la lecture<span class=\"screen-reader-text\"> de &laquo;&nbsp;FMB &#8211; Fachmesse f\u00fcr Maschinenbau (Mechanical engineering trade fair): 5, 6 and 7 November 2024&nbsp;&raquo;<\/span><\/a><\/p>\n<p class=\"link-more\"><a href=\"https:\/\/www.ses-sterling.com\/blog\/en\/fmb-mechanical-engineering-trade-fair-2024\/\">Lire la suite<span class=\"screen-reader-text\"> &#8220;FMB &#8211; Fachmesse f\u00fcr Maschinenbau (Mechanical engineering trade fair): 5, 6 and 7 November 2024&#8221;<\/span><\/a><\/p>\n","protected":false},"author":1,"featured_media":46538,"comment_status":"open","ping_status":"open","sticky":false,"template":"","format":"standard","meta":{"om_disable_all_campaigns":false,"_uag_custom_page_level_css":"","advgb_blocks_editor_width":"","advgb_blocks_columns_visual_guide":"","_monsterinsights_skip_tracking":false,"_monsterinsights_sitenote_active":false,"_monsterinsights_sitenote_note":"","_monsterinsights_sitenote_category":0,"footnotes":""},"categories":[42,53,32],"tags":[1025,998],"class_list":["post-46786","post","type-post","status-publish","format-standard","has-post-thumbnail","hentry","category-news-ses-sterling","category-exhibits-fairs","category-unclassified","tag-fmb-en","tag-salon-en"],"aioseo_notices":[],"author_meta":{"display_name":"admin","author_link":"https:\/\/www.ses-sterling.com\/blog\/author\/admin\/"},"featured_img":"https:\/\/www.ses-sterling.com\/blog\/wp-content\/uploads\/2024\/09\/FMB-2024-EN-300x250.webp","uagb_featured_image_src":{"full":["https:\/\/www.ses-sterling.com\/blog\/wp-content\/uploads\/2024\/09\/FMB-2024-EN.webp",600,500,false],"thumbnail":["https:\/\/www.ses-sterling.com\/blog\/wp-content\/uploads\/2024\/09\/FMB-2024-EN-150x125.webp",150,125,true],"medium":["https:\/\/www.ses-sterling.com\/blog\/wp-content\/uploads\/2024\/09\/FMB-2024-EN-300x250.webp",300,250,true],"medium_large":["https:\/\/www.ses-sterling.com\/blog\/wp-content\/uploads\/2024\/09\/FMB-2024-EN.webp",525,438,false],"large":["https:\/\/www.ses-sterling.com\/blog\/wp-content\/uploads\/2024\/09\/FMB-2024-EN.webp",525,438,false],"1536x1536":["https:\/\/www.ses-sterling.com\/blog\/wp-content\/uploads\/2024\/09\/FMB-2024-EN.webp",600,500,false],"2048x2048":["https:\/\/www.ses-sterling.com\/blog\/wp-content\/uploads\/2024\/09\/FMB-2024-EN.webp",600,500,false],"twentyseventeen-featured-image":["https:\/\/www.ses-sterling.com\/blog\/wp-content\/uploads\/2024\/09\/FMB-2024-EN.webp",600,500,false],"twentyseventeen-thumbnail-avatar":["https:\/\/www.ses-sterling.com\/blog\/wp-content\/uploads\/2024\/09\/FMB-2024-EN-100x100.webp",100,100,true],"sow-carousel-default":["https:\/\/www.ses-sterling.com\/blog\/wp-content\/uploads\/2024\/09\/FMB-2024-EN-272x182.webp",272,182,true]},"uagb_author_info":{"display_name":"admin","author_link":"https:\/\/www.ses-sterling.com\/blog\/author\/admin\/"},"uagb_comment_info":0,"uagb_excerpt":"SES-STERLING will be exhibiting at the FMB trade fair in Bad Salzuflen (Germany) from 5 to 7 November 2024. FMB: the trade fair for mechanical engineering The FMB &#8211; Fachmesse f\u00fcr Maschinenbau (Mechanical engineering trade fair) is a major event for mechanical engineering professionals in Germany. Since 2005, it has brought together all the key\u2026","coauthors":[],"tax_additional":{"categories":{"linked":["<a href=\"https:\/\/www.ses-sterling.com\/blog\/en\/category\/news-ses-sterling\/\" class=\"advgb-post-tax-term\">News SES-STERLING<\/a>","<a href=\"https:\/\/www.ses-sterling.com\/blog\/en\/category\/news-ses-sterling\/exhibits-fairs\/\" class=\"advgb-post-tax-term\">Trade fairs and exhibitions<\/a>","<a href=\"https:\/\/www.ses-sterling.com\/blog\/en\/category\/unclassified\/\" class=\"advgb-post-tax-term\">Unclassified<\/a>"],"unlinked":["<span class=\"advgb-post-tax-term\">News SES-STERLING<\/span>","<span class=\"advgb-post-tax-term\">Trade fairs and exhibitions<\/span>","<span class=\"advgb-post-tax-term\">Unclassified<\/span>"]},"tags":{"linked":["<a href=\"https:\/\/www.ses-sterling.com\/blog\/en\/category\/unclassified\/\" class=\"advgb-post-tax-term\">FMB<\/a>","<a href=\"https:\/\/www.ses-sterling.com\/blog\/en\/category\/unclassified\/\" class=\"advgb-post-tax-term\">salon<\/a>"],"unlinked":["<span class=\"advgb-post-tax-term\">FMB<\/span>","<span class=\"advgb-post-tax-term\">salon<\/span>"]}},"comment_count":0,"relative_dates":{"created":"Publi\u00e9 2 ans il y a","modified":"Mis \u00e0 jour 2 ans il y a"},"absolute_dates":{"created":"Publi\u00e9 le 7 octobre 2024","modified":"Mise \u00e0 jour le 7 octobre 2024"},"absolute_dates_time":{"created":"Publi\u00e9 le 7 octobre 2024 15:10","modified":"Mise \u00e0 jour le 7 octobre 2024 15:10"},"featured_img_caption":"","series_order":"","_links":{"self":[{"href":"https:\/\/www.ses-sterling.com\/blog\/wp-json\/wp\/v2\/posts\/46786","targetHints":{"allow":["GET"]}}],"collection":[{"href":"https:\/\/www.ses-sterling.com\/blog\/wp-json\/wp\/v2\/posts"}],"about":[{"href":"https:\/\/www.ses-sterling.com\/blog\/wp-json\/wp\/v2\/types\/post"}],"author":[{"embeddable":true,"href":"https:\/\/www.ses-sterling.com\/blog\/wp-json\/wp\/v2\/users\/1"}],"replies":[{"embeddable":true,"href":"https:\/\/www.ses-sterling.com\/blog\/wp-json\/wp\/v2\/comments?post=46786"}],"version-history":[{"count":4,"href":"https:\/\/www.ses-sterling.com\/blog\/wp-json\/wp\/v2\/posts\/46786\/revisions"}],"predecessor-version":[{"id":46823,"href":"https:\/\/www.ses-sterling.com\/blog\/wp-json\/wp\/v2\/posts\/46786\/revisions\/46823"}],"wp:featuredmedia":[{"embeddable":true,"href":"https:\/\/www.ses-sterling.com\/blog\/wp-json\/wp\/v2\/media\/46538"}],"wp:attachment":[{"href":"https:\/\/www.ses-sterling.com\/blog\/wp-json\/wp\/v2\/media?parent=46786"}],"wp:term":[{"taxonomy":"category","embeddable":true,"href":"https:\/\/www.ses-sterling.com\/blog\/wp-json\/wp\/v2\/categories?post=46786"},{"taxonomy":"post_tag","embeddable":true,"href":"https:\/\/www.ses-sterling.com\/blog\/wp-json\/wp\/v2\/tags?post=46786"}],"curies":[{"name":"wp","href":"https:\/\/api.w.org\/{rel}","templated":true}]}}