{"id":47436,"date":"2025-01-06T09:52:08","date_gmt":"2025-01-06T08:52:08","guid":{"rendered":"https:\/\/www.ses-sterling.com\/blog\/?p=47436"},"modified":"2025-01-06T09:52:13","modified_gmt":"2025-01-06T08:52:13","slug":"sepem-industries-douai-2025","status":"publish","type":"post","link":"https:\/\/www.ses-sterling.com\/blog\/sepem-industries-douai-2025\/","title":{"rendered":"Salon SEPEM Industries \u00e0 Douai\u00a0: rendez-vous les 28, 29 et 30 janvier 2025"},"content":{"rendered":"\n<div class=\"wp-block-uagb-image aligncenter uagb-block-37bfb4d0 wp-block-uagb-image--layout-default wp-block-uagb-image--effect-static wp-block-uagb-image--align-center\"><figure class=\"wp-block-uagb-image__figure\"><img decoding=\"async\" data-srcset=\"https:\/\/www.ses-sterling.com\/blog\/wp-content\/uploads\/2024\/11\/SEPEM-DOUAI-2024-banner-blog.webp ,https:\/\/www.ses-sterling.com\/blog\/wp-content\/uploads\/2024\/11\/SEPEM-DOUAI-2024-banner-blog.webp 780w, https:\/\/www.ses-sterling.com\/blog\/wp-content\/uploads\/2024\/11\/SEPEM-DOUAI-2024-banner-blog.webp 360w\" data-sizes=\"auto, (max-width: 480px) 150px\" data-src=\"https:\/\/www.ses-sterling.com\/blog\/wp-content\/uploads\/2024\/11\/SEPEM-DOUAI-2024-banner-blog.webp\" alt=\"\" class=\"uag-image-47467 lazyload\" width=\"1200\" height=\"350\" title=\"SEPEM DOUAI 2024 - banner - blog\" role=\"img\" src=\"data:image\/svg+xml;base64,PHN2ZyB3aWR0aD0iMSIgaGVpZ2h0PSIxIiB4bWxucz0iaHR0cDovL3d3dy53My5vcmcvMjAwMC9zdmciPjwvc3ZnPg==\" style=\"--smush-placeholder-width: 1200px; --smush-placeholder-aspect-ratio: 1200\/350;\" \/><\/figure><\/div>\n\n\n\n<p><br>Retrouvez vos conseillers-experts SES-STERLING au salon <strong>SEPEM Industries<\/strong> \u00e0 Douai, <strong>du 28 au 30 janvier 2025<\/strong>.<\/p>\n\n\n\n<h2>SEPEM Industries : 10\u00e8me \u00e9dition dans la r\u00e9gion Hauts-de-France<\/h2>\n\n\n\n<p><br>Du 28 au 30 janvier 2025, le salon SEPEM Industries f\u00eatera sa<strong> 10\u00e8me \u00e9dition dans le Nord<\/strong> ! Cette ann\u00e9e, le salon accueillera <strong>540 exposants<\/strong> dispos\u00e9s \u00e0 vous pr\u00e9senter leurs solutions innovantes pour l&#8217;industrie.<\/p>\n<p>SEPEM Industries est un <strong>salon professionnel majeur dans l&#8217;univers industriel<\/strong>. Les participants peuvent y d\u00e9couvrir un panorama complet des avanc\u00e9es technologiques et des <strong>solutions industrielles<\/strong> actuelles. Ax\u00e9 sur quatre domaines cl\u00e9s &#8211; les \u00e9quipements, les processus, les services et la maintenance -, il permet aux visiteurs d&#8217;acc\u00e9der \u00e0 un concentr\u00e9 d&#8217;innovations dans le secteur de l&#8217;industrie. Du c\u00f4t\u00e9 des entreprises exposantes, cet \u00e9v\u00e8nement constitue un tremplin strat\u00e9gique pour valoriser leur savoir-faire.<\/p>\n\n\n\n<h2>Retrouvez SES-STERLING au salon SEPEM Industries \u00e0 Douai<\/h2>\n\n\n\n<p><br>Venez rencontrer vos conseillers-experts SES-STERLING sur le <strong>stand U706<\/strong> pour d\u00e9couvrir nos solutions innovantes d\u00e9di\u00e9es au c\u00e2blage. Experts dans le domaine du c\u00e2blage depuis 1928, nous offrons une gamme compl\u00e8te de <strong>solutions professionnelles<\/strong> pour <strong>prot\u00e9ger, isoler, rep\u00e9rer, conduire et fixer les c\u00e2bles<\/strong>.<\/p>\n<p>Vous souhaitez d&#8217;ores et d\u00e9j\u00e0 d\u00e9couvrir nos derni\u00e8res innovations ? T\u00e9l\u00e9chargez le nouveau <a href=\"https:\/\/www.ses-sterling.com\/produits\/documentations\/\" target=\"_blank\" rel=\"noopener\">catalogue SES-STERLING<\/a>.<\/p>\n\n\n\n<h2>Informations pratiques et acc\u00e8s au salon SEPEM Industries \u00e0 Douai<\/h2>\n\n\n\n<div class=\"wp-block-uagb-container uagb-block-6602d0bb alignfull uagb-is-root-container\"><div class=\"uagb-container-inner-blocks-wrap\">\n<div class=\"wp-block-uagb-container uagb-block-76883cf0\">\n<p>Obtenez <a href=\"https:\/\/douai.sepem-industries.com\/registration\/registration\" target=\"_blank\" rel=\"noopener\"><span style=\"color: #ff6600;\"><strong>votre badge visiteur gratuit<\/strong><\/span><\/a>.<\/p>\n<p><strong>Horaires d&#8217;ouverture :<br><\/strong>Mardi 28 janvier 2025 : 8h30 &#8211; 17h00 <br>Mercredi 29 janvier 2025 : 8h30 &#8211; 17h00 <br>Jeudi 30 janvier 2025 : 8h30 &#8211; 17h00<\/p>\n<p><strong>Adresse :<br><\/strong><span class=\"fieldval\"><span class=\"fieldtext\">PARC EXPO DE DOUAI GAYANT <br><\/span><\/span><span class=\"fieldval\"><span class=\"fieldtext\">Route de Tournai<br>59502 Douai<\/span><\/span><\/p>\n<\/div>\n\n\n\n<div class=\"wp-block-uagb-container uagb-block-d33d2290\">\t\t\t<div \n\t\t\tclass=\"wp-block-uagb-google-map uagb-google-map__wrap uagb-block-8a58efd1     \"\n\t\t\tstyle=\"\" >\n\t\t\t\t<embed\n\t\t\t\t\tclass=\"uagb-google-map__iframe\"\n\t\t\t\t\ttitle=\"Carte Google pour \"\n\t\t\t\t\tsrc=\"https:\/\/maps.google.com\/maps?q=PARC%20EXPO%20DE%20DOUAI%20GAYANT%20Route%20de%20Tournai%20-%20BP%2060093%2059502%20DOUAI&#038;z=12&#038;hl=en&#038;t=m&#038;output=embed&#038;iwloc=near\"\n\t\t\t\t\twidth=\"640\"\n\t\t\t\t\theight=\"300\"\n\t\t\t\t\tloading=\"lazy\"\n\t\t\t\t><\/embed>\n\t\t\t<\/div>\n\t\t\t<\/div>\n<\/div><\/div>\n\n\n\n<div class=\"wp-block-uagb-separator uagb-block-7061f0bb\"><div class=\"wp-block-uagb-separator__inner\" style=\"--my-background-image:\"><\/div><\/div>\n\n\n\n<p><span style=\"color: #808080;\"><strong>Autres articles qui peuvent vous int\u00e9resser :<\/strong><\/span><\/p>\n\n\n\n\t\t\t<div class=\"wp-block-uagb-post-carousel uagb-post-grid  uagb-post__image-position-top uagb-post__image-enabled uagb-block-6d8ac062     uagb-post__arrow-outside uagb-slick-carousel uagb-post__items uagb-post__columns-3 is-carousel uagb-post__columns-tablet-2 uagb-post__columns-mobile-1 uagb-post__carousel_equal-height\" data-total=\"7\" style=\"\">\n\n\t\t\t\t\t\t\t\t\t\t\t\t<article class=\"uagb-post__inner-wrap\">\t\t\t\t\t\t\t\t<div class='uagb-post__image'>\n\t\t\t\t\t\t\t\t\t<a href=\"https:\/\/www.ses-sterling.com\/blog\/ses-sterling-salon-all-about-automation-heilbronn-2026\/\" target=\"_self\" rel=\"bookmark noopener noreferrer\"><img decoding=\"async\" width=\"525\" height=\"525\" data-src=\"https:\/\/www.ses-sterling.com\/blog\/wp-content\/uploads\/2026\/03\/AAA_HEILBRONN_Visuel_carre_2026_FR-1024x1024.png\" class=\"attachment-large size-large lazyload\" alt=\"\" data-srcset=\"https:\/\/www.ses-sterling.com\/blog\/wp-content\/uploads\/2026\/03\/AAA_HEILBRONN_Visuel_carre_2026_FR-1024x1024.png 1024w, https:\/\/www.ses-sterling.com\/blog\/wp-content\/uploads\/2026\/03\/AAA_HEILBRONN_Visuel_carre_2026_FR-300x300.png 300w, https:\/\/www.ses-sterling.com\/blog\/wp-content\/uploads\/2026\/03\/AAA_HEILBRONN_Visuel_carre_2026_FR-150x150.png 150w, https:\/\/www.ses-sterling.com\/blog\/wp-content\/uploads\/2026\/03\/AAA_HEILBRONN_Visuel_carre_2026_FR-768x768.png 768w, https:\/\/www.ses-sterling.com\/blog\/wp-content\/uploads\/2026\/03\/AAA_HEILBRONN_Visuel_carre_2026_FR-100x100.png 100w, https:\/\/www.ses-sterling.com\/blog\/wp-content\/uploads\/2026\/03\/AAA_HEILBRONN_Visuel_carre_2026_FR.png 1080w\" data-sizes=\"100vw\" src=\"data:image\/svg+xml;base64,PHN2ZyB3aWR0aD0iMSIgaGVpZ2h0PSIxIiB4bWxucz0iaHR0cDovL3d3dy53My5vcmcvMjAwMC9zdmciPjwvc3ZnPg==\" style=\"--smush-placeholder-width: 525px; --smush-placeholder-aspect-ratio: 525\/525;\" \/>\t\t\t\t\t<\/a>\n\t\t\t\t\t\t\t\t\t<\/div>\n\t\t\t\t\t\t<h4 class=\"uagb-post__title uagb-post__text\">\n\t\t\t\t<a href=\"https:\/\/www.ses-sterling.com\/blog\/ses-sterling-salon-all-about-automation-heilbronn-2026\/\" target=\"_self\" rel=\"bookmark noopener noreferrer\">Rencontrez-nous au salon All About Automation 2026 \u00e0 Heilbronn !<\/a>\n\t\t\t<\/h4>\n\t\t\t\t\t\t<div class='uagb-post__text uagb-post-grid-byline'>\n\t\t\t\t\t\t\t\t<time datetime=\"2026-04-27T13:45:27+02:00\" class=\"uagb-post__date\">\n\t\t\t\t<span class=\"dashicons-calendar dashicons\"><\/span>\t\t\t\t\t27 avril 2026\t\t\t\t<\/time>\n\t\t\t\t\t\t\t<span class=\"uagb-post__comment\">\n\t\t\t\t<span class=\"dashicons-admin-comments dashicons\"><\/span>\t\t\t\t\tAucun commentaire\t\t\t\t<\/span>\n\t\t\t\t\t\t<\/div>\n\t\t\t\t\t\t\t<div class='uagb-post__text uagb-post__excerpt'>\n\t\t\t\t\tSES-STERLING sera \u00e0 nouveau pr\u00e9sent au salon All About Automation \u00e0 Heilbronn les 6 et&#8230;\t\t\t\t<\/div>\n\t\t\t\t\t\t<div class=\"uagb-post__text uagb-post__cta wp-block-button\">\n\t\t\t\t<a class=\"wp-block-button__link uagb-text-link\" style=\"\" href=\"https:\/\/www.ses-sterling.com\/blog\/ses-sterling-salon-all-about-automation-heilbronn-2026\/\" target=\"_self\" rel=\"bookmark noopener noreferrer\">Lire la suite<\/a>\n\t\t\t<\/div>\n\t\t\t\n\t\t\t\t\t\t\t\t\t<\/article>\n\t\t\t\t\t\t\t\t\t\t\t\t\t\t\t\t<article class=\"uagb-post__inner-wrap\">\t\t\t\t\t\t\t\t<div class='uagb-post__image'>\n\t\t\t\t\t\t\t\t\t<a href=\"https:\/\/www.ses-sterling.com\/blog\/aaa-friedrichshafen-2026-salon-automation\/\" target=\"_self\" rel=\"bookmark noopener noreferrer\"><img decoding=\"async\" width=\"525\" height=\"525\" data-src=\"https:\/\/www.ses-sterling.com\/blog\/wp-content\/uploads\/2026\/02\/AAA_Friedrichschafen_Visuel_RS_FR.png\" class=\"attachment-large size-large lazyload\" alt=\"\" data-srcset=\"https:\/\/www.ses-sterling.com\/blog\/wp-content\/uploads\/2026\/02\/AAA_Friedrichschafen_Visuel_RS_FR.png 800w, https:\/\/www.ses-sterling.com\/blog\/wp-content\/uploads\/2026\/02\/AAA_Friedrichschafen_Visuel_RS_FR-300x300.png 300w, https:\/\/www.ses-sterling.com\/blog\/wp-content\/uploads\/2026\/02\/AAA_Friedrichschafen_Visuel_RS_FR-150x150.png 150w, https:\/\/www.ses-sterling.com\/blog\/wp-content\/uploads\/2026\/02\/AAA_Friedrichschafen_Visuel_RS_FR-768x768.png 768w, https:\/\/www.ses-sterling.com\/blog\/wp-content\/uploads\/2026\/02\/AAA_Friedrichschafen_Visuel_RS_FR-100x100.png 100w\" data-sizes=\"100vw\" src=\"data:image\/svg+xml;base64,PHN2ZyB3aWR0aD0iMSIgaGVpZ2h0PSIxIiB4bWxucz0iaHR0cDovL3d3dy53My5vcmcvMjAwMC9zdmciPjwvc3ZnPg==\" style=\"--smush-placeholder-width: 525px; --smush-placeholder-aspect-ratio: 525\/525;\" \/>\t\t\t\t\t<\/a>\n\t\t\t\t\t\t\t\t\t<\/div>\n\t\t\t\t\t\t<h4 class=\"uagb-post__title uagb-post__text\">\n\t\t\t\t<a href=\"https:\/\/www.ses-sterling.com\/blog\/aaa-friedrichshafen-2026-salon-automation\/\" target=\"_self\" rel=\"bookmark noopener noreferrer\">Venez nous rendre visite au salon All About Automation les 10 et 11 mars 2026 \u00e0 Friedrichshafen<\/a>\n\t\t\t<\/h4>\n\t\t\t\t\t\t<div class='uagb-post__text uagb-post-grid-byline'>\n\t\t\t\t\t\t\t\t<time datetime=\"2026-03-04T08:22:39+01:00\" class=\"uagb-post__date\">\n\t\t\t\t<span class=\"dashicons-calendar dashicons\"><\/span>\t\t\t\t\t4 mars 2026\t\t\t\t<\/time>\n\t\t\t\t\t\t\t<span class=\"uagb-post__comment\">\n\t\t\t\t<span class=\"dashicons-admin-comments dashicons\"><\/span>\t\t\t\t\tAucun commentaire\t\t\t\t<\/span>\n\t\t\t\t\t\t<\/div>\n\t\t\t\t\t\t\t<div class='uagb-post__text uagb-post__excerpt'>\n\t\t\t\t\t<p>Les 10 et 11 mars 2026, vous pourrez rencontrer SES-STERLING au salon All About Automation&#8230;\t\t\t\t<\/div>\n\t\t\t\t\t\t<div class=\"uagb-post__text uagb-post__cta wp-block-button\">\n\t\t\t\t<a class=\"wp-block-button__link uagb-text-link\" style=\"\" href=\"https:\/\/www.ses-sterling.com\/blog\/aaa-friedrichshafen-2026-salon-automation\/\" target=\"_self\" rel=\"bookmark noopener noreferrer\">Lire la suite<\/a>\n\t\t\t<\/div>\n\t\t\t\n\t\t\t\t\t\t\t\t\t<\/article>\n\t\t\t\t\t\t\t\t\t\t\t\t\t\t\t\t<article class=\"uagb-post__inner-wrap\">\t\t\t\t\t\t\t\t<div class='uagb-post__image'>\n\t\t\t\t\t\t\t\t\t<a href=\"https:\/\/www.ses-sterling.com\/blog\/ses-eupen-a-indumation-2026-solutions-autour-du-cable\/\" target=\"_self\" rel=\"bookmark noopener noreferrer\"><img decoding=\"async\" width=\"525\" height=\"525\" data-src=\"https:\/\/www.ses-sterling.com\/blog\/wp-content\/uploads\/2025\/11\/SES-STERLING-Salon-Indumation-2026-FR-1024x1024.webp\" class=\"attachment-large size-large lazyload\" alt=\"\" data-srcset=\"https:\/\/www.ses-sterling.com\/blog\/wp-content\/uploads\/2025\/11\/SES-STERLING-Salon-Indumation-2026-FR-1024x1024.webp 1024w, https:\/\/www.ses-sterling.com\/blog\/wp-content\/uploads\/2025\/11\/SES-STERLING-Salon-Indumation-2026-FR-300x300.webp 300w, https:\/\/www.ses-sterling.com\/blog\/wp-content\/uploads\/2025\/11\/SES-STERLING-Salon-Indumation-2026-FR-150x150.webp 150w, https:\/\/www.ses-sterling.com\/blog\/wp-content\/uploads\/2025\/11\/SES-STERLING-Salon-Indumation-2026-FR-768x768.webp 768w, https:\/\/www.ses-sterling.com\/blog\/wp-content\/uploads\/2025\/11\/SES-STERLING-Salon-Indumation-2026-FR-100x100.webp 100w, https:\/\/www.ses-sterling.com\/blog\/wp-content\/uploads\/2025\/11\/SES-STERLING-Salon-Indumation-2026-FR.webp 1080w\" data-sizes=\"100vw\" src=\"data:image\/svg+xml;base64,PHN2ZyB3aWR0aD0iMSIgaGVpZ2h0PSIxIiB4bWxucz0iaHR0cDovL3d3dy53My5vcmcvMjAwMC9zdmciPjwvc3ZnPg==\" style=\"--smush-placeholder-width: 525px; --smush-placeholder-aspect-ratio: 525\/525;\" \/>\t\t\t\t\t<\/a>\n\t\t\t\t\t\t\t\t\t<\/div>\n\t\t\t\t\t\t<h4 class=\"uagb-post__title uagb-post__text\">\n\t\t\t\t<a href=\"https:\/\/www.ses-sterling.com\/blog\/ses-eupen-a-indumation-2026-solutions-autour-du-cable\/\" target=\"_self\" rel=\"bookmark noopener noreferrer\">Retrouvez SES-EUPEN au salon Indumation 2026<\/a>\n\t\t\t<\/h4>\n\t\t\t\t\t\t<div class='uagb-post__text uagb-post-grid-byline'>\n\t\t\t\t\t\t\t\t<time datetime=\"2026-01-26T09:07:26+01:00\" class=\"uagb-post__date\">\n\t\t\t\t<span class=\"dashicons-calendar dashicons\"><\/span>\t\t\t\t\t26 janvier 2026\t\t\t\t<\/time>\n\t\t\t\t\t\t\t<span class=\"uagb-post__comment\">\n\t\t\t\t<span class=\"dashicons-admin-comments dashicons\"><\/span>\t\t\t\t\tAucun commentaire\t\t\t\t<\/span>\n\t\t\t\t\t\t<\/div>\n\t\t\t\t\t\t\t<div class='uagb-post__text uagb-post__excerpt'>\n\t\t\t\t\tSalon de r\u00e9f\u00e9rence au Benelux, Indumation se d\u00e9roulera du 4 au 6 f\u00e9vrier 2026 \u00e0&#8230;\t\t\t\t<\/div>\n\t\t\t\t\t\t<div class=\"uagb-post__text uagb-post__cta wp-block-button\">\n\t\t\t\t<a class=\"wp-block-button__link uagb-text-link\" style=\"\" href=\"https:\/\/www.ses-sterling.com\/blog\/ses-eupen-a-indumation-2026-solutions-autour-du-cable\/\" target=\"_self\" rel=\"bookmark noopener noreferrer\">Lire la suite<\/a>\n\t\t\t<\/div>\n\t\t\t\n\t\t\t\t\t\t\t\t\t<\/article>\n\t\t\t\t\t\t\t\t\t\t\t\t\t\t\t\t<article class=\"uagb-post__inner-wrap\">\t\t\t\t\t\t\t\t<div class='uagb-post__image'>\n\t\t\t\t\t\t\t\t\t<a href=\"https:\/\/www.ses-sterling.com\/blog\/all-about-automation-berlin-2026-solutions-ses-sterling\/\" target=\"_self\" rel=\"bookmark noopener noreferrer\"><img decoding=\"async\" width=\"525\" height=\"525\" data-src=\"https:\/\/www.ses-sterling.com\/blog\/wp-content\/uploads\/2026\/01\/AAA_Berlin_Visuel_RS_FR-1.jpg\" class=\"attachment-large size-large lazyload\" alt=\"\" data-srcset=\"https:\/\/www.ses-sterling.com\/blog\/wp-content\/uploads\/2026\/01\/AAA_Berlin_Visuel_RS_FR-1.jpg 800w, https:\/\/www.ses-sterling.com\/blog\/wp-content\/uploads\/2026\/01\/AAA_Berlin_Visuel_RS_FR-1-300x300.jpg 300w, https:\/\/www.ses-sterling.com\/blog\/wp-content\/uploads\/2026\/01\/AAA_Berlin_Visuel_RS_FR-1-150x150.jpg 150w, https:\/\/www.ses-sterling.com\/blog\/wp-content\/uploads\/2026\/01\/AAA_Berlin_Visuel_RS_FR-1-768x768.jpg 768w, https:\/\/www.ses-sterling.com\/blog\/wp-content\/uploads\/2026\/01\/AAA_Berlin_Visuel_RS_FR-1-100x100.jpg 100w\" data-sizes=\"100vw\" src=\"data:image\/svg+xml;base64,PHN2ZyB3aWR0aD0iMSIgaGVpZ2h0PSIxIiB4bWxucz0iaHR0cDovL3d3dy53My5vcmcvMjAwMC9zdmciPjwvc3ZnPg==\" style=\"--smush-placeholder-width: 525px; --smush-placeholder-aspect-ratio: 525\/525;\" \/>\t\t\t\t\t<\/a>\n\t\t\t\t\t\t\t\t\t<\/div>\n\t\t\t\t\t\t<h4 class=\"uagb-post__title uagb-post__text\">\n\t\t\t\t<a href=\"https:\/\/www.ses-sterling.com\/blog\/all-about-automation-berlin-2026-solutions-ses-sterling\/\" target=\"_self\" rel=\"bookmark noopener noreferrer\">All About Automation Berlin 2026\u00a0: d\u00e9couvrez les solutions de SES-STERLING<\/a>\n\t\t\t<\/h4>\n\t\t\t\t\t\t<div class='uagb-post__text uagb-post-grid-byline'>\n\t\t\t\t\t\t\t\t<time datetime=\"2026-01-21T13:25:25+01:00\" class=\"uagb-post__date\">\n\t\t\t\t<span class=\"dashicons-calendar dashicons\"><\/span>\t\t\t\t\t21 janvier 2026\t\t\t\t<\/time>\n\t\t\t\t\t\t\t<span class=\"uagb-post__comment\">\n\t\t\t\t<span class=\"dashicons-admin-comments dashicons\"><\/span>\t\t\t\t\tAucun commentaire\t\t\t\t<\/span>\n\t\t\t\t\t\t<\/div>\n\t\t\t\t\t\t\t<div class='uagb-post__text uagb-post__excerpt'>\n\t\t\t\t\tPour cette premi\u00e8re \u00e9dition, retrouvez l\u2019\u00e9quipe SES-STERLING sur notre stand n\u00b0240, halle 7 au parc&#8230;\t\t\t\t<\/div>\n\t\t\t\t\t\t<div class=\"uagb-post__text uagb-post__cta wp-block-button\">\n\t\t\t\t<a class=\"wp-block-button__link uagb-text-link\" style=\"\" href=\"https:\/\/www.ses-sterling.com\/blog\/all-about-automation-berlin-2026-solutions-ses-sterling\/\" target=\"_self\" rel=\"bookmark noopener noreferrer\">Lire la suite<\/a>\n\t\t\t<\/div>\n\t\t\t\n\t\t\t\t\t\t\t\t\t<\/article>\n\t\t\t\t\t\t\t\t\t\t\t\t\t\t\t\t<article class=\"uagb-post__inner-wrap\">\t\t\t\t\t\t\t\t<div class='uagb-post__image'>\n\t\t\t\t\t\t\t\t\t<a href=\"https:\/\/www.ses-sterling.com\/blog\/ses-sterling-sepem-douai-2026-salon-industriel\/\" target=\"_self\" rel=\"bookmark noopener noreferrer\"><img decoding=\"async\" width=\"525\" height=\"525\" data-src=\"https:\/\/www.ses-sterling.com\/blog\/wp-content\/uploads\/2025\/12\/SES-STERLING-SEPEM-DOUAI-2026-Visuel-carre-FR.webp\" class=\"attachment-large size-large lazyload\" alt=\"\" data-srcset=\"https:\/\/www.ses-sterling.com\/blog\/wp-content\/uploads\/2025\/12\/SES-STERLING-SEPEM-DOUAI-2026-Visuel-carre-FR.webp 800w, https:\/\/www.ses-sterling.com\/blog\/wp-content\/uploads\/2025\/12\/SES-STERLING-SEPEM-DOUAI-2026-Visuel-carre-FR-300x300.webp 300w, https:\/\/www.ses-sterling.com\/blog\/wp-content\/uploads\/2025\/12\/SES-STERLING-SEPEM-DOUAI-2026-Visuel-carre-FR-150x150.webp 150w, https:\/\/www.ses-sterling.com\/blog\/wp-content\/uploads\/2025\/12\/SES-STERLING-SEPEM-DOUAI-2026-Visuel-carre-FR-768x768.webp 768w, https:\/\/www.ses-sterling.com\/blog\/wp-content\/uploads\/2025\/12\/SES-STERLING-SEPEM-DOUAI-2026-Visuel-carre-FR-100x100.webp 100w\" data-sizes=\"100vw\" src=\"data:image\/svg+xml;base64,PHN2ZyB3aWR0aD0iMSIgaGVpZ2h0PSIxIiB4bWxucz0iaHR0cDovL3d3dy53My5vcmcvMjAwMC9zdmciPjwvc3ZnPg==\" style=\"--smush-placeholder-width: 525px; --smush-placeholder-aspect-ratio: 525\/525;\" \/>\t\t\t\t\t<\/a>\n\t\t\t\t\t\t\t\t\t<\/div>\n\t\t\t\t\t\t<h4 class=\"uagb-post__title uagb-post__text\">\n\t\t\t\t<a href=\"https:\/\/www.ses-sterling.com\/blog\/ses-sterling-sepem-douai-2026-salon-industriel\/\" target=\"_self\" rel=\"bookmark noopener noreferrer\">SES-STERLING au SEPEM Douai 2026\u00a0: prot\u00e9ger les machines pour une industrie plus s\u00fbre<\/a>\n\t\t\t<\/h4>\n\t\t\t\t\t\t<div class='uagb-post__text uagb-post-grid-byline'>\n\t\t\t\t\t\t\t\t<time datetime=\"2025-12-08T08:33:24+01:00\" class=\"uagb-post__date\">\n\t\t\t\t<span class=\"dashicons-calendar dashicons\"><\/span>\t\t\t\t\t8 d\u00e9cembre 2025\t\t\t\t<\/time>\n\t\t\t\t\t\t\t<span class=\"uagb-post__comment\">\n\t\t\t\t<span class=\"dashicons-admin-comments dashicons\"><\/span>\t\t\t\t\tAucun commentaire\t\t\t\t<\/span>\n\t\t\t\t\t\t<\/div>\n\t\t\t\t\t\t\t<div class='uagb-post__text uagb-post__excerpt'>\n\t\t\t\t\tRetrouvez nos produits d\u00e9di\u00e9s \u00e0 la protection, la fixation, l&#8217;isolement et le maintien des c\u00e2bles&#8230;\t\t\t\t<\/div>\n\t\t\t\t\t\t<div class=\"uagb-post__text uagb-post__cta wp-block-button\">\n\t\t\t\t<a class=\"wp-block-button__link uagb-text-link\" style=\"\" href=\"https:\/\/www.ses-sterling.com\/blog\/ses-sterling-sepem-douai-2026-salon-industriel\/\" target=\"_self\" rel=\"bookmark noopener noreferrer\">Lire la suite<\/a>\n\t\t\t<\/div>\n\t\t\t\n\t\t\t\t\t\t\t\t\t<\/article>\n\t\t\t\t\t\t\t\t\t\t\t\t\t\t\t\t<article class=\"uagb-post__inner-wrap\">\t\t\t\t\t\t\t\t<div class='uagb-post__image'>\n\t\t\t\t\t\t\t\t\t<a href=\"https:\/\/www.ses-sterling.com\/blog\/ses-sterling-au-salon-sps-2025-le-rendez-vous-industriel-incontournable\/\" target=\"_self\" rel=\"bookmark noopener noreferrer\"><img decoding=\"async\" width=\"525\" height=\"525\" data-src=\"https:\/\/www.ses-sterling.com\/blog\/wp-content\/uploads\/2025\/10\/SPS-2025-Visuel-carre-FR.png\" class=\"attachment-large size-large lazyload\" alt=\"Retrouvez SES-STERLING au salon SPS 2025 sur le stand 350 halle 3C !\" data-srcset=\"https:\/\/www.ses-sterling.com\/blog\/wp-content\/uploads\/2025\/10\/SPS-2025-Visuel-carre-FR.png 800w, https:\/\/www.ses-sterling.com\/blog\/wp-content\/uploads\/2025\/10\/SPS-2025-Visuel-carre-FR-300x300.png 300w, https:\/\/www.ses-sterling.com\/blog\/wp-content\/uploads\/2025\/10\/SPS-2025-Visuel-carre-FR-150x150.png 150w, https:\/\/www.ses-sterling.com\/blog\/wp-content\/uploads\/2025\/10\/SPS-2025-Visuel-carre-FR-768x768.png 768w, https:\/\/www.ses-sterling.com\/blog\/wp-content\/uploads\/2025\/10\/SPS-2025-Visuel-carre-FR-100x100.png 100w\" data-sizes=\"100vw\" src=\"data:image\/svg+xml;base64,PHN2ZyB3aWR0aD0iMSIgaGVpZ2h0PSIxIiB4bWxucz0iaHR0cDovL3d3dy53My5vcmcvMjAwMC9zdmciPjwvc3ZnPg==\" style=\"--smush-placeholder-width: 525px; --smush-placeholder-aspect-ratio: 525\/525;\" \/>\t\t\t\t\t<\/a>\n\t\t\t\t\t\t\t\t\t<\/div>\n\t\t\t\t\t\t<h4 class=\"uagb-post__title uagb-post__text\">\n\t\t\t\t<a href=\"https:\/\/www.ses-sterling.com\/blog\/ses-sterling-au-salon-sps-2025-le-rendez-vous-industriel-incontournable\/\" target=\"_self\" rel=\"bookmark noopener noreferrer\">SES-STERLING au salon SPS 2025 : le rendez-vous industriel incontournable<\/a>\n\t\t\t<\/h4>\n\t\t\t\t\t\t<div class='uagb-post__text uagb-post-grid-byline'>\n\t\t\t\t\t\t\t\t<time datetime=\"2025-11-12T09:15:29+01:00\" class=\"uagb-post__date\">\n\t\t\t\t<span class=\"dashicons-calendar dashicons\"><\/span>\t\t\t\t\t12 novembre 2025\t\t\t\t<\/time>\n\t\t\t\t\t\t\t<span class=\"uagb-post__comment\">\n\t\t\t\t<span class=\"dashicons-admin-comments dashicons\"><\/span>\t\t\t\t\tAucun commentaire\t\t\t\t<\/span>\n\t\t\t\t\t\t<\/div>\n\t\t\t\t\t\t\t<div class='uagb-post__text uagb-post__excerpt'>\n\t\t\t\t\tL\u2019entreprise SES-STERLING sera pr\u00e9sente au salon SPS 2025 \u00e0 Nuremberg du 25 au 27 novembre&#8230;.\t\t\t\t<\/div>\n\t\t\t\t\t\t<div class=\"uagb-post__text uagb-post__cta wp-block-button\">\n\t\t\t\t<a class=\"wp-block-button__link uagb-text-link\" style=\"\" href=\"https:\/\/www.ses-sterling.com\/blog\/ses-sterling-au-salon-sps-2025-le-rendez-vous-industriel-incontournable\/\" target=\"_self\" rel=\"bookmark noopener noreferrer\">Lire la suite<\/a>\n\t\t\t<\/div>\n\t\t\t\n\t\t\t\t\t\t\t\t\t<\/article>\n\t\t\t\t\t\t\t\t\t\t\t<\/div>\n\t\t\t","protected":false},"excerpt":{"rendered":"<p>Retrouvez vos conseillers-experts SES-STERLING au salon SEPEM Industries \u00e0 Douai, du 28 au 30 janvier 2025. Cette ann\u00e9e, le salon accueillera 540 exposants dispos\u00e9s \u00e0 vous pr\u00e9senter leurs solutions innovantes pour l&#8217;industrie.<\/p>\n<p class=\"link-more\"><a href=\"https:\/\/www.ses-sterling.com\/blog\/sepem-industries-douai-2025\/\">Lire la suite<span class=\"screen-reader-text\"> &#8220;Salon SEPEM Industries \u00e0 Douai\u00a0: rendez-vous les 28, 29 et 30 janvier 2025&#8221;<\/span><\/a><\/p>\n","protected":false},"author":1,"featured_media":47471,"comment_status":"open","ping_status":"open","sticky":false,"template":"","format":"standard","meta":{"om_disable_all_campaigns":false,"_uag_custom_page_level_css":"","advgb_blocks_editor_width":"","advgb_blocks_columns_visual_guide":"","_monsterinsights_skip_tracking":false,"_monsterinsights_sitenote_active":false,"_monsterinsights_sitenote_note":"","_monsterinsights_sitenote_category":0,"footnotes":""},"categories":[24,1,51],"tags":[402,280],"class_list":["post-47436","post","type-post","status-publish","format-standard","has-post-thumbnail","hentry","category-actualites-entreprise","category-non-classe","category-salons-expositions","tag-salon","tag-sepem"],"aioseo_notices":[],"author_meta":{"display_name":"admin","author_link":"https:\/\/www.ses-sterling.com\/blog\/author\/admin\/"},"featured_img":"https:\/\/www.ses-sterling.com\/blog\/wp-content\/uploads\/2024\/11\/SEPEM-DOUAI-2024-FR-1-300x250.png","uagb_featured_image_src":{"full":["https:\/\/www.ses-sterling.com\/blog\/wp-content\/uploads\/2024\/11\/SEPEM-DOUAI-2024-FR-1.png",600,500,false],"thumbnail":["https:\/\/www.ses-sterling.com\/blog\/wp-content\/uploads\/2024\/11\/SEPEM-DOUAI-2024-FR-1-150x125.png",150,125,true],"medium":["https:\/\/www.ses-sterling.com\/blog\/wp-content\/uploads\/2024\/11\/SEPEM-DOUAI-2024-FR-1-300x250.png",300,250,true],"medium_large":["https:\/\/www.ses-sterling.com\/blog\/wp-content\/uploads\/2024\/11\/SEPEM-DOUAI-2024-FR-1.png",525,438,false],"large":["https:\/\/www.ses-sterling.com\/blog\/wp-content\/uploads\/2024\/11\/SEPEM-DOUAI-2024-FR-1.png",525,438,false],"1536x1536":["https:\/\/www.ses-sterling.com\/blog\/wp-content\/uploads\/2024\/11\/SEPEM-DOUAI-2024-FR-1.png",600,500,false],"2048x2048":["https:\/\/www.ses-sterling.com\/blog\/wp-content\/uploads\/2024\/11\/SEPEM-DOUAI-2024-FR-1.png",600,500,false],"twentyseventeen-featured-image":["https:\/\/www.ses-sterling.com\/blog\/wp-content\/uploads\/2024\/11\/SEPEM-DOUAI-2024-FR-1.png",600,500,false],"twentyseventeen-thumbnail-avatar":["https:\/\/www.ses-sterling.com\/blog\/wp-content\/uploads\/2024\/11\/SEPEM-DOUAI-2024-FR-1-100x100.png",100,100,true],"sow-carousel-default":["https:\/\/www.ses-sterling.com\/blog\/wp-content\/uploads\/2024\/11\/SEPEM-DOUAI-2024-FR-1-272x182.png",272,182,true]},"uagb_author_info":{"display_name":"admin","author_link":"https:\/\/www.ses-sterling.com\/blog\/author\/admin\/"},"uagb_comment_info":1,"uagb_excerpt":"Retrouvez vos conseillers-experts SES-STERLING au salon SEPEM Industries \u00e0 Douai, du 28 au 30 janvier 2025. Cette ann\u00e9e, le salon accueillera 540 exposants dispos\u00e9s \u00e0 vous pr\u00e9senter leurs solutions innovantes pour l'industrie.Lire la suite \"Salon SEPEM Industries \u00e0 Douai\u00a0: rendez-vous les 28, 29 et 30 janvier 2025\"","coauthors":[],"tax_additional":{"categories":{"linked":["<a href=\"https:\/\/www.ses-sterling.com\/blog\/category\/actualites-entreprise\/\" class=\"advgb-post-tax-term\">Actualit\u00e9s entreprise<\/a>","<a href=\"https:\/\/www.ses-sterling.com\/blog\/category\/non-classe\/\" class=\"advgb-post-tax-term\">Non class\u00e9<\/a>","<a href=\"https:\/\/www.ses-sterling.com\/blog\/category\/actualites-entreprise\/salons-expositions\/\" class=\"advgb-post-tax-term\">Salons professionnels et expositions<\/a>"],"unlinked":["<span class=\"advgb-post-tax-term\">Actualit\u00e9s entreprise<\/span>","<span class=\"advgb-post-tax-term\">Non class\u00e9<\/span>","<span class=\"advgb-post-tax-term\">Salons professionnels et expositions<\/span>"]},"tags":{"linked":["<a href=\"https:\/\/www.ses-sterling.com\/blog\/category\/actualites-entreprise\/salons-expositions\/\" class=\"advgb-post-tax-term\">salon<\/a>","<a href=\"https:\/\/www.ses-sterling.com\/blog\/category\/actualites-entreprise\/salons-expositions\/\" class=\"advgb-post-tax-term\">SEPEM<\/a>"],"unlinked":["<span class=\"advgb-post-tax-term\">salon<\/span>","<span class=\"advgb-post-tax-term\">SEPEM<\/span>"]}},"comment_count":1,"relative_dates":{"created":"Publi\u00e9 1 an il y a","modified":"Mis \u00e0 jour 1 an il y a"},"absolute_dates":{"created":"Publi\u00e9 le 6 janvier 2025","modified":"Mise \u00e0 jour le 6 janvier 2025"},"absolute_dates_time":{"created":"Publi\u00e9 le 6 janvier 2025 09:52","modified":"Mise \u00e0 jour le 6 janvier 2025 09:52"},"featured_img_caption":"","series_order":"","_links":{"self":[{"href":"https:\/\/www.ses-sterling.com\/blog\/wp-json\/wp\/v2\/posts\/47436","targetHints":{"allow":["GET"]}}],"collection":[{"href":"https:\/\/www.ses-sterling.com\/blog\/wp-json\/wp\/v2\/posts"}],"about":[{"href":"https:\/\/www.ses-sterling.com\/blog\/wp-json\/wp\/v2\/types\/post"}],"author":[{"embeddable":true,"href":"https:\/\/www.ses-sterling.com\/blog\/wp-json\/wp\/v2\/users\/1"}],"replies":[{"embeddable":true,"href":"https:\/\/www.ses-sterling.com\/blog\/wp-json\/wp\/v2\/comments?post=47436"}],"version-history":[{"count":14,"href":"https:\/\/www.ses-sterling.com\/blog\/wp-json\/wp\/v2\/posts\/47436\/revisions"}],"predecessor-version":[{"id":47650,"href":"https:\/\/www.ses-sterling.com\/blog\/wp-json\/wp\/v2\/posts\/47436\/revisions\/47650"}],"wp:featuredmedia":[{"embeddable":true,"href":"https:\/\/www.ses-sterling.com\/blog\/wp-json\/wp\/v2\/media\/47471"}],"wp:attachment":[{"href":"https:\/\/www.ses-sterling.com\/blog\/wp-json\/wp\/v2\/media?parent=47436"}],"wp:term":[{"taxonomy":"category","embeddable":true,"href":"https:\/\/www.ses-sterling.com\/blog\/wp-json\/wp\/v2\/categories?post=47436"},{"taxonomy":"post_tag","embeddable":true,"href":"https:\/\/www.ses-sterling.com\/blog\/wp-json\/wp\/v2\/tags?post=47436"}],"curies":[{"name":"wp","href":"https:\/\/api.w.org\/{rel}","templated":true}]}}