{"id":48299,"date":"2025-04-30T09:30:00","date_gmt":"2025-04-30T07:30:00","guid":{"rendered":"https:\/\/www.ses-sterling.com\/blog\/?p=48299"},"modified":"2025-04-29T10:10:38","modified_gmt":"2025-04-29T08:10:38","slug":"ses-sterling-all-about-automation-2025-hambourg","status":"publish","type":"post","link":"https:\/\/www.ses-sterling.com\/blog\/ses-sterling-all-about-automation-2025-hambourg\/","title":{"rendered":"SES-STERLING au salon All About Automation : les 3 et 4 juin 2025 \u00e0 Hambourg (Allemagne)"},"content":{"rendered":"\n\n\n<div class=\"wp-block-uagb-image uagb-block-99cc5ad0 wp-block-uagb-image--layout-default wp-block-uagb-image--effect-static wp-block-uagb-image--align-none\"><figure class=\"wp-block-uagb-image__figure\"><img decoding=\"async\" data-srcset=\"https:\/\/www.ses-sterling.com\/blog\/wp-content\/uploads\/2025\/04\/code_banner_FR_maj.webp ,https:\/\/www.ses-sterling.com\/blog\/wp-content\/uploads\/2025\/04\/code_banner_FR_maj.webp 780w, https:\/\/www.ses-sterling.com\/blog\/wp-content\/uploads\/2025\/04\/code_banner_FR_maj.webp 360w\" data-sizes=\"auto, (max-width: 480px) 150px\" data-src=\"https:\/\/www.ses-sterling.com\/blog\/wp-content\/uploads\/2025\/04\/code_banner_FR_maj.webp\" alt=\"\" class=\"uag-image-48329 lazyload\" width=\"1872\" height=\"240\" title=\"code_banner_FR_maj\" role=\"img\" src=\"data:image\/svg+xml;base64,PHN2ZyB3aWR0aD0iMSIgaGVpZ2h0PSIxIiB4bWxucz0iaHR0cDovL3d3dy53My5vcmcvMjAwMC9zdmciPjwvc3ZnPg==\" style=\"--smush-placeholder-width: 1872px; --smush-placeholder-aspect-ratio: 1872\/240;\" \/><\/figure><\/div>\n\n\n\n<div style=\"height:30px\" aria-hidden=\"true\" class=\"wp-block-spacer\"><\/div>\n\n\n\n<p>Le salon All About Automation se tiendra les <strong>3 et 4 juin 2025 \u00e0 Hambourg<\/strong> en Allemagne. Une occasion unique de rencontrer vos conseillers-experts SES-STERLING et de d\u00e9couvrir les derni\u00e8res innovations dans le domaine de l&#8217;<strong>automatisation industrielle<\/strong>.<\/p>\n\n\n\n<h2 class=\"western\">Une plateforme incontournable pour l&#8217;automatisation industrielle dans le nord de l&#8217;Allemagne<\/h2>\n\n\n\n<p><br><strong>All About Automation<\/strong> s&#8217;impose comme le rendez-vous annuel de r\u00e9f\u00e9rence pour tous les professionnels du secteur. Ce salon sp\u00e9cialis\u00e9 est une v\u00e9ritable plateforme d&#8217;\u00e9change o\u00f9 utilisateurs, d\u00e9cideurs et fabricants de composants d&#8217;automatisation se rencontrent pour d\u00e9velopper ensemble les solutions adapt\u00e9es aux d\u00e9fis industriels actuels. L&#8217;ambiance conviviale et la qualit\u00e9 des \u00e9changes font la renomm\u00e9e de ce salon.<\/p>\n<p>Cette \u00e9dition 2025 s&#8217;annonce particuli\u00e8rement riche avec<strong> plus de 250 exposants<\/strong> sp\u00e9cialis\u00e9s en automatisation et une synergie avec <strong>deux autres salons professionnels<\/strong> : Logistics &amp; Automation Hamburg et Empack Hamburg. Ces deux autres \u00e9v\u00e9nements, sp\u00e9cialis\u00e9s dans la logistique et le packaging, se tiennent simultan\u00e9ment dans le hall d&#8217;exposition et sont accessibles avec un billet d&#8217;entr\u00e9e unique.<\/p>\n\n\n\n<h2 class=\"western\">Venez rencontrer vos conseillers-experts SES-STERLING sur le stand 648 !<\/h2>\n\n\n\n<p><br>Experts et fabricants d\u2019accessoires de c\u00e2blage depuis 1928, nous serons pr\u00e9sents parmi les exposants pour vous proposer une gamme compl\u00e8te de <a href=\"https:\/\/www.ses-sterling.com\/produits\/catalogue\/\" target=\"_blank\" rel=\"noopener\"><strong>solutions autour du c\u00e2ble<\/strong><\/a>.<\/p>\n<p>Nos sp\u00e9cialistes seront \u00e0 votre disposition sur le <strong>stand 648<\/strong> pour vous conseiller et vous pr\u00e9senter des solutions adapt\u00e9es \u00e0 vos besoins sp\u00e9cifiques en mati\u00e8re de protection, d&#8217;isolation, de rep\u00e9rage et de fixation des c\u00e2bles.<\/p>\n<p>Avec SES-STERLING, b\u00e9n\u00e9ficiez d&#8217;une<strong> acc\u00e8s gratuit<\/strong> au salon ! Utilisez le code d&#8217;activation <span style=\"color: #ff6600;\"><strong>12110<\/strong><\/span> lors de votre inscription sur le site <a href=\"http:\/\/www.allaboutautomation.de\/\" target=\"_blank\" rel=\"noopener\">www.allaboutautomation.de<\/a> et recevez votre billet d\u2019entr\u00e9e directement sur votre boite e-mail.<\/p>\n\n\n\n<div style=\"height:15px\" aria-hidden=\"true\" class=\"wp-block-spacer\"><\/div>\n\n\n\n<div class=\"wp-block-uagb-image uagb-block-3ce3de68 wp-block-uagb-image--layout-default wp-block-uagb-image--effect-static wp-block-uagb-image--align-none\"><figure class=\"wp-block-uagb-image__figure\"><img decoding=\"async\" data-srcset=\"https:\/\/www.ses-sterling.com\/blog\/wp-content\/uploads\/2025\/04\/invit_FR_maj-1024x477.webp ,https:\/\/www.ses-sterling.com\/blog\/wp-content\/uploads\/2025\/04\/invit_FR_maj.webp 780w, https:\/\/www.ses-sterling.com\/blog\/wp-content\/uploads\/2025\/04\/invit_FR_maj.webp 360w\" data-sizes=\"auto, (max-width: 480px) 150px\" data-src=\"https:\/\/www.ses-sterling.com\/blog\/wp-content\/uploads\/2025\/04\/invit_FR_maj-1024x477.webp\" alt=\"\" class=\"uag-image-48325 lazyload\" width=\"960\" height=\"448\" title=\"invit_FR_maj\" role=\"img\" src=\"data:image\/svg+xml;base64,PHN2ZyB3aWR0aD0iMSIgaGVpZ2h0PSIxIiB4bWxucz0iaHR0cDovL3d3dy53My5vcmcvMjAwMC9zdmciPjwvc3ZnPg==\" style=\"--smush-placeholder-width: 960px; --smush-placeholder-aspect-ratio: 960\/448;\" \/><\/figure><\/div>\n\n\n\n<h2>Informations pratiques et acc\u00e8s au salon All About Automation Hambourg :<\/h2>\n\n\n\n<div class=\"wp-block-uagb-container uagb-block-4f1faaf8 alignfull uagb-is-root-container\"><div class=\"uagb-container-inner-blocks-wrap\">\n<div class=\"wp-block-uagb-container uagb-block-434bd704\">\n<p><strong>Horaires<\/strong> :<br>Mardi 3 juin 2025 de 9h00 \u00e0 17h00<br>Mercredi 4 juin 2025 de 9h00 \u00e0 16h00<\/p>\n<p><strong>Adresse<\/strong> :<br>Hamburg Messe<br>Karolinenstra\u00dfe 20-22<br>20357 Hambourg, Allemagne<\/p>\n<\/div>\n\n\n\n<div class=\"wp-block-uagb-container uagb-block-dc65e1f6\">\t\t\t<div \n\t\t\tclass=\"wp-block-uagb-google-map uagb-google-map__wrap uagb-block-21b5425d     \"\n\t\t\tstyle=\"\" >\n\t\t\t\t<embed\n\t\t\t\t\tclass=\"uagb-google-map__iframe\"\n\t\t\t\t\ttitle=\"Carte Google pour \"\n\t\t\t\t\tsrc=\"https:\/\/maps.google.com\/maps?q=Hamburg%20Messe%20Karolinenstra%C3%9Fe%2020-22%2020357%20Hambourg%2C%20Allemagne&#038;z=10&#038;hl=fr&#038;t=m&#038;output=embed&#038;iwloc=near\"\n\t\t\t\t\twidth=\"640\"\n\t\t\t\t\theight=\"300\"\n\t\t\t\t\tloading=\"lazy\"\n\t\t\t\t><\/embed>\n\t\t\t<\/div>\n\t\t\t<\/div>\n<\/div><\/div>\n\n\n\n<div style=\"height:50px\" aria-hidden=\"true\" class=\"wp-block-spacer\"><\/div>\n\n\n\n<div class=\"wp-block-uagb-separator uagb-block-7d373d35\"><div class=\"wp-block-uagb-separator__inner\" style=\"--my-background-image:\"><\/div><\/div>\n\n\n\n<p><span style=\"color: #808080;\"><strong>Autres articles qui peuvent vous int\u00e9resser :<\/strong><\/span><\/p>\n\n\n\n\t\t\t<div class=\"wp-block-uagb-post-carousel uagb-post-grid  uagb-post__image-position-top uagb-post__image-enabled uagb-block-d5bf572d     uagb-post__arrow-outside uagb-slick-carousel uagb-post__items uagb-post__columns-3 is-carousel uagb-post__columns-tablet-2 uagb-post__columns-mobile-1\" data-total=\"7\" style=\"\">\n\n\t\t\t\t\t\t\t\t\t\t\t\t<article class=\"uagb-post__inner-wrap\">\t\t\t\t\t\t\t\t<div class='uagb-post__image'>\n\t\t\t\t\t\t\t\t\t<a href=\"https:\/\/www.ses-sterling.com\/blog\/ses-sterling-salon-all-about-automation-heilbronn-2026\/\" target=\"_self\" rel=\"bookmark noopener noreferrer\"><img decoding=\"async\" width=\"525\" height=\"525\" data-src=\"https:\/\/www.ses-sterling.com\/blog\/wp-content\/uploads\/2026\/03\/AAA_HEILBRONN_Visuel_carre_2026_FR-1024x1024.png\" class=\"attachment-large size-large lazyload\" alt=\"\" data-srcset=\"https:\/\/www.ses-sterling.com\/blog\/wp-content\/uploads\/2026\/03\/AAA_HEILBRONN_Visuel_carre_2026_FR-1024x1024.png 1024w, https:\/\/www.ses-sterling.com\/blog\/wp-content\/uploads\/2026\/03\/AAA_HEILBRONN_Visuel_carre_2026_FR-300x300.png 300w, https:\/\/www.ses-sterling.com\/blog\/wp-content\/uploads\/2026\/03\/AAA_HEILBRONN_Visuel_carre_2026_FR-150x150.png 150w, https:\/\/www.ses-sterling.com\/blog\/wp-content\/uploads\/2026\/03\/AAA_HEILBRONN_Visuel_carre_2026_FR-768x768.png 768w, https:\/\/www.ses-sterling.com\/blog\/wp-content\/uploads\/2026\/03\/AAA_HEILBRONN_Visuel_carre_2026_FR-100x100.png 100w, https:\/\/www.ses-sterling.com\/blog\/wp-content\/uploads\/2026\/03\/AAA_HEILBRONN_Visuel_carre_2026_FR.png 1080w\" data-sizes=\"100vw\" src=\"data:image\/svg+xml;base64,PHN2ZyB3aWR0aD0iMSIgaGVpZ2h0PSIxIiB4bWxucz0iaHR0cDovL3d3dy53My5vcmcvMjAwMC9zdmciPjwvc3ZnPg==\" style=\"--smush-placeholder-width: 525px; --smush-placeholder-aspect-ratio: 525\/525;\" \/>\t\t\t\t\t<\/a>\n\t\t\t\t\t\t\t\t\t<\/div>\n\t\t\t\t\t\t<h4 class=\"uagb-post__title uagb-post__text\">\n\t\t\t\t<a href=\"https:\/\/www.ses-sterling.com\/blog\/ses-sterling-salon-all-about-automation-heilbronn-2026\/\" target=\"_self\" rel=\"bookmark noopener noreferrer\">Rencontrez-nous au salon All About Automation 2026 \u00e0 Heilbronn !<\/a>\n\t\t\t<\/h4>\n\t\t\t\t\t\t<div class='uagb-post__text uagb-post-grid-byline'>\n\t\t\t\t\t\t\t\t<time datetime=\"2026-04-27T13:45:27+02:00\" class=\"uagb-post__date\">\n\t\t\t\t\t\t\t\t\t27 avril 2026\t\t\t\t<\/time>\n\t\t\t\t\t\t<\/div>\n\t\t\t\t\t\t\t<div class='uagb-post__text uagb-post__excerpt'>\n\t\t\t\t\tSES-STERLING sera \u00e0 nouveau pr\u00e9sent au salon All About Automation \u00e0 Heilbronn les 6 et&#8230;\t\t\t\t<\/div>\n\t\t\t\t\t\t<div class=\"uagb-post__text uagb-post__cta wp-block-button\">\n\t\t\t\t<a class=\"wp-block-button__link uagb-text-link\" style=\"\" href=\"https:\/\/www.ses-sterling.com\/blog\/ses-sterling-salon-all-about-automation-heilbronn-2026\/\" target=\"_self\" rel=\"bookmark noopener noreferrer\">Lire la suite<\/a>\n\t\t\t<\/div>\n\t\t\t\n\t\t\t\t\t\t\t\t\t<\/article>\n\t\t\t\t\t\t\t\t\t\t\t\t\t\t\t\t<article class=\"uagb-post__inner-wrap\">\t\t\t\t\t\t\t\t<div class='uagb-post__image'>\n\t\t\t\t\t\t\t\t\t<a href=\"https:\/\/www.ses-sterling.com\/blog\/aaa-friedrichshafen-2026-salon-automation\/\" target=\"_self\" rel=\"bookmark noopener noreferrer\"><img decoding=\"async\" width=\"525\" height=\"525\" data-src=\"https:\/\/www.ses-sterling.com\/blog\/wp-content\/uploads\/2026\/02\/AAA_Friedrichschafen_Visuel_RS_FR.png\" class=\"attachment-large size-large lazyload\" alt=\"\" data-srcset=\"https:\/\/www.ses-sterling.com\/blog\/wp-content\/uploads\/2026\/02\/AAA_Friedrichschafen_Visuel_RS_FR.png 800w, https:\/\/www.ses-sterling.com\/blog\/wp-content\/uploads\/2026\/02\/AAA_Friedrichschafen_Visuel_RS_FR-300x300.png 300w, https:\/\/www.ses-sterling.com\/blog\/wp-content\/uploads\/2026\/02\/AAA_Friedrichschafen_Visuel_RS_FR-150x150.png 150w, https:\/\/www.ses-sterling.com\/blog\/wp-content\/uploads\/2026\/02\/AAA_Friedrichschafen_Visuel_RS_FR-768x768.png 768w, https:\/\/www.ses-sterling.com\/blog\/wp-content\/uploads\/2026\/02\/AAA_Friedrichschafen_Visuel_RS_FR-100x100.png 100w\" data-sizes=\"100vw\" src=\"data:image\/svg+xml;base64,PHN2ZyB3aWR0aD0iMSIgaGVpZ2h0PSIxIiB4bWxucz0iaHR0cDovL3d3dy53My5vcmcvMjAwMC9zdmciPjwvc3ZnPg==\" style=\"--smush-placeholder-width: 525px; --smush-placeholder-aspect-ratio: 525\/525;\" \/>\t\t\t\t\t<\/a>\n\t\t\t\t\t\t\t\t\t<\/div>\n\t\t\t\t\t\t<h4 class=\"uagb-post__title uagb-post__text\">\n\t\t\t\t<a href=\"https:\/\/www.ses-sterling.com\/blog\/aaa-friedrichshafen-2026-salon-automation\/\" target=\"_self\" rel=\"bookmark noopener noreferrer\">Venez nous rendre visite au salon All About Automation les 10 et 11 mars 2026 \u00e0 Friedrichshafen<\/a>\n\t\t\t<\/h4>\n\t\t\t\t\t\t<div class='uagb-post__text uagb-post-grid-byline'>\n\t\t\t\t\t\t\t\t<time datetime=\"2026-03-04T08:22:39+01:00\" class=\"uagb-post__date\">\n\t\t\t\t\t\t\t\t\t4 mars 2026\t\t\t\t<\/time>\n\t\t\t\t\t\t<\/div>\n\t\t\t\t\t\t\t<div class='uagb-post__text uagb-post__excerpt'>\n\t\t\t\t\t<p>Les 10 et 11 mars 2026, vous pourrez rencontrer SES-STERLING au salon All About Automation&#8230;\t\t\t\t<\/div>\n\t\t\t\t\t\t<div class=\"uagb-post__text uagb-post__cta wp-block-button\">\n\t\t\t\t<a class=\"wp-block-button__link uagb-text-link\" style=\"\" href=\"https:\/\/www.ses-sterling.com\/blog\/aaa-friedrichshafen-2026-salon-automation\/\" target=\"_self\" rel=\"bookmark noopener noreferrer\">Lire la suite<\/a>\n\t\t\t<\/div>\n\t\t\t\n\t\t\t\t\t\t\t\t\t<\/article>\n\t\t\t\t\t\t\t\t\t\t\t\t\t\t\t\t<article class=\"uagb-post__inner-wrap\">\t\t\t\t\t\t\t\t<div class='uagb-post__image'>\n\t\t\t\t\t\t\t\t\t<a href=\"https:\/\/www.ses-sterling.com\/blog\/ses-eupen-a-indumation-2026-solutions-autour-du-cable\/\" target=\"_self\" rel=\"bookmark noopener noreferrer\"><img decoding=\"async\" width=\"525\" height=\"525\" data-src=\"https:\/\/www.ses-sterling.com\/blog\/wp-content\/uploads\/2025\/11\/SES-STERLING-Salon-Indumation-2026-FR-1024x1024.webp\" class=\"attachment-large size-large lazyload\" alt=\"\" data-srcset=\"https:\/\/www.ses-sterling.com\/blog\/wp-content\/uploads\/2025\/11\/SES-STERLING-Salon-Indumation-2026-FR-1024x1024.webp 1024w, https:\/\/www.ses-sterling.com\/blog\/wp-content\/uploads\/2025\/11\/SES-STERLING-Salon-Indumation-2026-FR-300x300.webp 300w, https:\/\/www.ses-sterling.com\/blog\/wp-content\/uploads\/2025\/11\/SES-STERLING-Salon-Indumation-2026-FR-150x150.webp 150w, https:\/\/www.ses-sterling.com\/blog\/wp-content\/uploads\/2025\/11\/SES-STERLING-Salon-Indumation-2026-FR-768x768.webp 768w, https:\/\/www.ses-sterling.com\/blog\/wp-content\/uploads\/2025\/11\/SES-STERLING-Salon-Indumation-2026-FR-100x100.webp 100w, https:\/\/www.ses-sterling.com\/blog\/wp-content\/uploads\/2025\/11\/SES-STERLING-Salon-Indumation-2026-FR.webp 1080w\" data-sizes=\"100vw\" src=\"data:image\/svg+xml;base64,PHN2ZyB3aWR0aD0iMSIgaGVpZ2h0PSIxIiB4bWxucz0iaHR0cDovL3d3dy53My5vcmcvMjAwMC9zdmciPjwvc3ZnPg==\" style=\"--smush-placeholder-width: 525px; --smush-placeholder-aspect-ratio: 525\/525;\" \/>\t\t\t\t\t<\/a>\n\t\t\t\t\t\t\t\t\t<\/div>\n\t\t\t\t\t\t<h4 class=\"uagb-post__title uagb-post__text\">\n\t\t\t\t<a href=\"https:\/\/www.ses-sterling.com\/blog\/ses-eupen-a-indumation-2026-solutions-autour-du-cable\/\" target=\"_self\" rel=\"bookmark noopener noreferrer\">Retrouvez SES-EUPEN au salon Indumation 2026<\/a>\n\t\t\t<\/h4>\n\t\t\t\t\t\t<div class='uagb-post__text uagb-post-grid-byline'>\n\t\t\t\t\t\t\t\t<time datetime=\"2026-01-26T09:07:26+01:00\" class=\"uagb-post__date\">\n\t\t\t\t\t\t\t\t\t26 janvier 2026\t\t\t\t<\/time>\n\t\t\t\t\t\t<\/div>\n\t\t\t\t\t\t\t<div class='uagb-post__text uagb-post__excerpt'>\n\t\t\t\t\tSalon de r\u00e9f\u00e9rence au Benelux, Indumation se d\u00e9roulera du 4 au 6 f\u00e9vrier 2026 \u00e0&#8230;\t\t\t\t<\/div>\n\t\t\t\t\t\t<div class=\"uagb-post__text uagb-post__cta wp-block-button\">\n\t\t\t\t<a class=\"wp-block-button__link uagb-text-link\" style=\"\" href=\"https:\/\/www.ses-sterling.com\/blog\/ses-eupen-a-indumation-2026-solutions-autour-du-cable\/\" target=\"_self\" rel=\"bookmark noopener noreferrer\">Lire la suite<\/a>\n\t\t\t<\/div>\n\t\t\t\n\t\t\t\t\t\t\t\t\t<\/article>\n\t\t\t\t\t\t\t\t\t\t\t\t\t\t\t\t<article class=\"uagb-post__inner-wrap\">\t\t\t\t\t\t\t\t<div class='uagb-post__image'>\n\t\t\t\t\t\t\t\t\t<a href=\"https:\/\/www.ses-sterling.com\/blog\/all-about-automation-berlin-2026-solutions-ses-sterling\/\" target=\"_self\" rel=\"bookmark noopener noreferrer\"><img decoding=\"async\" width=\"525\" height=\"525\" data-src=\"https:\/\/www.ses-sterling.com\/blog\/wp-content\/uploads\/2026\/01\/AAA_Berlin_Visuel_RS_FR-1.jpg\" class=\"attachment-large size-large lazyload\" alt=\"\" data-srcset=\"https:\/\/www.ses-sterling.com\/blog\/wp-content\/uploads\/2026\/01\/AAA_Berlin_Visuel_RS_FR-1.jpg 800w, https:\/\/www.ses-sterling.com\/blog\/wp-content\/uploads\/2026\/01\/AAA_Berlin_Visuel_RS_FR-1-300x300.jpg 300w, https:\/\/www.ses-sterling.com\/blog\/wp-content\/uploads\/2026\/01\/AAA_Berlin_Visuel_RS_FR-1-150x150.jpg 150w, https:\/\/www.ses-sterling.com\/blog\/wp-content\/uploads\/2026\/01\/AAA_Berlin_Visuel_RS_FR-1-768x768.jpg 768w, https:\/\/www.ses-sterling.com\/blog\/wp-content\/uploads\/2026\/01\/AAA_Berlin_Visuel_RS_FR-1-100x100.jpg 100w\" data-sizes=\"100vw\" src=\"data:image\/svg+xml;base64,PHN2ZyB3aWR0aD0iMSIgaGVpZ2h0PSIxIiB4bWxucz0iaHR0cDovL3d3dy53My5vcmcvMjAwMC9zdmciPjwvc3ZnPg==\" style=\"--smush-placeholder-width: 525px; --smush-placeholder-aspect-ratio: 525\/525;\" \/>\t\t\t\t\t<\/a>\n\t\t\t\t\t\t\t\t\t<\/div>\n\t\t\t\t\t\t<h4 class=\"uagb-post__title uagb-post__text\">\n\t\t\t\t<a href=\"https:\/\/www.ses-sterling.com\/blog\/all-about-automation-berlin-2026-solutions-ses-sterling\/\" target=\"_self\" rel=\"bookmark noopener noreferrer\">All About Automation Berlin 2026\u00a0: d\u00e9couvrez les solutions de SES-STERLING<\/a>\n\t\t\t<\/h4>\n\t\t\t\t\t\t<div class='uagb-post__text uagb-post-grid-byline'>\n\t\t\t\t\t\t\t\t<time datetime=\"2026-01-21T13:25:25+01:00\" class=\"uagb-post__date\">\n\t\t\t\t\t\t\t\t\t21 janvier 2026\t\t\t\t<\/time>\n\t\t\t\t\t\t<\/div>\n\t\t\t\t\t\t\t<div class='uagb-post__text uagb-post__excerpt'>\n\t\t\t\t\tPour cette premi\u00e8re \u00e9dition, retrouvez l\u2019\u00e9quipe SES-STERLING sur notre stand n\u00b0240, halle 7 au parc&#8230;\t\t\t\t<\/div>\n\t\t\t\t\t\t<div class=\"uagb-post__text uagb-post__cta wp-block-button\">\n\t\t\t\t<a class=\"wp-block-button__link uagb-text-link\" style=\"\" href=\"https:\/\/www.ses-sterling.com\/blog\/all-about-automation-berlin-2026-solutions-ses-sterling\/\" target=\"_self\" rel=\"bookmark noopener noreferrer\">Lire la suite<\/a>\n\t\t\t<\/div>\n\t\t\t\n\t\t\t\t\t\t\t\t\t<\/article>\n\t\t\t\t\t\t\t\t\t\t\t\t\t\t\t\t<article class=\"uagb-post__inner-wrap\">\t\t\t\t\t\t\t\t<div class='uagb-post__image'>\n\t\t\t\t\t\t\t\t\t<a href=\"https:\/\/www.ses-sterling.com\/blog\/ses-sterling-sepem-douai-2026-salon-industriel\/\" target=\"_self\" rel=\"bookmark noopener noreferrer\"><img decoding=\"async\" width=\"525\" height=\"525\" data-src=\"https:\/\/www.ses-sterling.com\/blog\/wp-content\/uploads\/2025\/12\/SES-STERLING-SEPEM-DOUAI-2026-Visuel-carre-FR.webp\" class=\"attachment-large size-large lazyload\" alt=\"\" data-srcset=\"https:\/\/www.ses-sterling.com\/blog\/wp-content\/uploads\/2025\/12\/SES-STERLING-SEPEM-DOUAI-2026-Visuel-carre-FR.webp 800w, https:\/\/www.ses-sterling.com\/blog\/wp-content\/uploads\/2025\/12\/SES-STERLING-SEPEM-DOUAI-2026-Visuel-carre-FR-300x300.webp 300w, https:\/\/www.ses-sterling.com\/blog\/wp-content\/uploads\/2025\/12\/SES-STERLING-SEPEM-DOUAI-2026-Visuel-carre-FR-150x150.webp 150w, https:\/\/www.ses-sterling.com\/blog\/wp-content\/uploads\/2025\/12\/SES-STERLING-SEPEM-DOUAI-2026-Visuel-carre-FR-768x768.webp 768w, https:\/\/www.ses-sterling.com\/blog\/wp-content\/uploads\/2025\/12\/SES-STERLING-SEPEM-DOUAI-2026-Visuel-carre-FR-100x100.webp 100w\" data-sizes=\"100vw\" src=\"data:image\/svg+xml;base64,PHN2ZyB3aWR0aD0iMSIgaGVpZ2h0PSIxIiB4bWxucz0iaHR0cDovL3d3dy53My5vcmcvMjAwMC9zdmciPjwvc3ZnPg==\" style=\"--smush-placeholder-width: 525px; --smush-placeholder-aspect-ratio: 525\/525;\" \/>\t\t\t\t\t<\/a>\n\t\t\t\t\t\t\t\t\t<\/div>\n\t\t\t\t\t\t<h4 class=\"uagb-post__title uagb-post__text\">\n\t\t\t\t<a href=\"https:\/\/www.ses-sterling.com\/blog\/ses-sterling-sepem-douai-2026-salon-industriel\/\" target=\"_self\" rel=\"bookmark noopener noreferrer\">SES-STERLING au SEPEM Douai 2026\u00a0: prot\u00e9ger les machines pour une industrie plus s\u00fbre<\/a>\n\t\t\t<\/h4>\n\t\t\t\t\t\t<div class='uagb-post__text uagb-post-grid-byline'>\n\t\t\t\t\t\t\t\t<time datetime=\"2025-12-08T08:33:24+01:00\" class=\"uagb-post__date\">\n\t\t\t\t\t\t\t\t\t8 d\u00e9cembre 2025\t\t\t\t<\/time>\n\t\t\t\t\t\t<\/div>\n\t\t\t\t\t\t\t<div class='uagb-post__text uagb-post__excerpt'>\n\t\t\t\t\tRetrouvez nos produits d\u00e9di\u00e9s \u00e0 la protection, la fixation, l&#8217;isolement et le maintien des c\u00e2bles&#8230;\t\t\t\t<\/div>\n\t\t\t\t\t\t<div class=\"uagb-post__text uagb-post__cta wp-block-button\">\n\t\t\t\t<a class=\"wp-block-button__link uagb-text-link\" style=\"\" href=\"https:\/\/www.ses-sterling.com\/blog\/ses-sterling-sepem-douai-2026-salon-industriel\/\" target=\"_self\" rel=\"bookmark noopener noreferrer\">Lire la suite<\/a>\n\t\t\t<\/div>\n\t\t\t\n\t\t\t\t\t\t\t\t\t<\/article>\n\t\t\t\t\t\t\t\t\t\t\t\t\t\t\t\t<article class=\"uagb-post__inner-wrap\">\t\t\t\t\t\t\t\t<div class='uagb-post__image'>\n\t\t\t\t\t\t\t\t\t<a href=\"https:\/\/www.ses-sterling.com\/blog\/ses-sterling-au-salon-sps-2025-le-rendez-vous-industriel-incontournable\/\" target=\"_self\" rel=\"bookmark noopener noreferrer\"><img decoding=\"async\" width=\"525\" height=\"525\" data-src=\"https:\/\/www.ses-sterling.com\/blog\/wp-content\/uploads\/2025\/10\/SPS-2025-Visuel-carre-FR.png\" class=\"attachment-large size-large lazyload\" alt=\"Retrouvez SES-STERLING au salon SPS 2025 sur le stand 350 halle 3C !\" data-srcset=\"https:\/\/www.ses-sterling.com\/blog\/wp-content\/uploads\/2025\/10\/SPS-2025-Visuel-carre-FR.png 800w, https:\/\/www.ses-sterling.com\/blog\/wp-content\/uploads\/2025\/10\/SPS-2025-Visuel-carre-FR-300x300.png 300w, https:\/\/www.ses-sterling.com\/blog\/wp-content\/uploads\/2025\/10\/SPS-2025-Visuel-carre-FR-150x150.png 150w, https:\/\/www.ses-sterling.com\/blog\/wp-content\/uploads\/2025\/10\/SPS-2025-Visuel-carre-FR-768x768.png 768w, https:\/\/www.ses-sterling.com\/blog\/wp-content\/uploads\/2025\/10\/SPS-2025-Visuel-carre-FR-100x100.png 100w\" data-sizes=\"100vw\" src=\"data:image\/svg+xml;base64,PHN2ZyB3aWR0aD0iMSIgaGVpZ2h0PSIxIiB4bWxucz0iaHR0cDovL3d3dy53My5vcmcvMjAwMC9zdmciPjwvc3ZnPg==\" style=\"--smush-placeholder-width: 525px; --smush-placeholder-aspect-ratio: 525\/525;\" \/>\t\t\t\t\t<\/a>\n\t\t\t\t\t\t\t\t\t<\/div>\n\t\t\t\t\t\t<h4 class=\"uagb-post__title uagb-post__text\">\n\t\t\t\t<a href=\"https:\/\/www.ses-sterling.com\/blog\/ses-sterling-au-salon-sps-2025-le-rendez-vous-industriel-incontournable\/\" target=\"_self\" rel=\"bookmark noopener noreferrer\">SES-STERLING au salon SPS 2025 : le rendez-vous industriel incontournable<\/a>\n\t\t\t<\/h4>\n\t\t\t\t\t\t<div class='uagb-post__text uagb-post-grid-byline'>\n\t\t\t\t\t\t\t\t<time datetime=\"2025-11-12T09:15:29+01:00\" class=\"uagb-post__date\">\n\t\t\t\t\t\t\t\t\t12 novembre 2025\t\t\t\t<\/time>\n\t\t\t\t\t\t<\/div>\n\t\t\t\t\t\t\t<div class='uagb-post__text uagb-post__excerpt'>\n\t\t\t\t\tL\u2019entreprise SES-STERLING sera pr\u00e9sente au salon SPS 2025 \u00e0 Nuremberg du 25 au 27 novembre&#8230;.\t\t\t\t<\/div>\n\t\t\t\t\t\t<div class=\"uagb-post__text uagb-post__cta wp-block-button\">\n\t\t\t\t<a class=\"wp-block-button__link uagb-text-link\" style=\"\" href=\"https:\/\/www.ses-sterling.com\/blog\/ses-sterling-au-salon-sps-2025-le-rendez-vous-industriel-incontournable\/\" target=\"_self\" rel=\"bookmark noopener noreferrer\">Lire la suite<\/a>\n\t\t\t<\/div>\n\t\t\t\n\t\t\t\t\t\t\t\t\t<\/article>\n\t\t\t\t\t\t\t\t\t\t\t<\/div>\n\t\t\t","protected":false},"excerpt":{"rendered":"<p>Le salon All About Automation se tiendra les 3 et 4 juin 2025 \u00e0 Hambourg en Allemagne. Une occasion unique de rencontrer vos conseillers-experts SES-STERLING et de d\u00e9couvrir les derni\u00e8res nouveaut\u00e9s dans le domaine de l&#8217;automatisation industrielle.<\/p>\n<p class=\"link-more\"><a href=\"https:\/\/www.ses-sterling.com\/blog\/ses-sterling-all-about-automation-2025-hambourg\/\">Lire la suite<span class=\"screen-reader-text\"> &#8220;SES-STERLING au salon All About Automation : les 3 et 4 juin 2025 \u00e0 Hambourg (Allemagne)&#8221;<\/span><\/a><\/p>\n","protected":false},"author":1,"featured_media":48309,"comment_status":"open","ping_status":"open","sticky":false,"template":"","format":"standard","meta":{"om_disable_all_campaigns":false,"_uag_custom_page_level_css":"","advgb_blocks_editor_width":"","advgb_blocks_columns_visual_guide":"","_monsterinsights_skip_tracking":false,"_monsterinsights_sitenote_active":false,"_monsterinsights_sitenote_note":"","_monsterinsights_sitenote_category":0,"footnotes":""},"categories":[24,1,51],"tags":[],"class_list":["post-48299","post","type-post","status-publish","format-standard","has-post-thumbnail","hentry","category-actualites-entreprise","category-non-classe","category-salons-expositions"],"aioseo_notices":[],"author_meta":{"display_name":"admin","author_link":"https:\/\/www.ses-sterling.com\/blog\/author\/admin\/"},"featured_img":"https:\/\/www.ses-sterling.com\/blog\/wp-content\/uploads\/2025\/04\/minia_FR-1-300x250.webp","uagb_featured_image_src":{"full":["https:\/\/www.ses-sterling.com\/blog\/wp-content\/uploads\/2025\/04\/minia_FR-1.webp",600,500,false],"thumbnail":["https:\/\/www.ses-sterling.com\/blog\/wp-content\/uploads\/2025\/04\/minia_FR-1-150x125.webp",150,125,true],"medium":["https:\/\/www.ses-sterling.com\/blog\/wp-content\/uploads\/2025\/04\/minia_FR-1-300x250.webp",300,250,true],"medium_large":["https:\/\/www.ses-sterling.com\/blog\/wp-content\/uploads\/2025\/04\/minia_FR-1.webp",525,438,false],"large":["https:\/\/www.ses-sterling.com\/blog\/wp-content\/uploads\/2025\/04\/minia_FR-1.webp",525,438,false],"1536x1536":["https:\/\/www.ses-sterling.com\/blog\/wp-content\/uploads\/2025\/04\/minia_FR-1.webp",600,500,false],"2048x2048":["https:\/\/www.ses-sterling.com\/blog\/wp-content\/uploads\/2025\/04\/minia_FR-1.webp",600,500,false],"twentyseventeen-featured-image":["https:\/\/www.ses-sterling.com\/blog\/wp-content\/uploads\/2025\/04\/minia_FR-1.webp",600,500,false],"twentyseventeen-thumbnail-avatar":["https:\/\/www.ses-sterling.com\/blog\/wp-content\/uploads\/2025\/04\/minia_FR-1-100x100.webp",100,100,true],"sow-carousel-default":["https:\/\/www.ses-sterling.com\/blog\/wp-content\/uploads\/2025\/04\/minia_FR-1-272x182.webp",272,182,true]},"uagb_author_info":{"display_name":"admin","author_link":"https:\/\/www.ses-sterling.com\/blog\/author\/admin\/"},"uagb_comment_info":1,"uagb_excerpt":"Le salon All About Automation se tiendra les 3 et 4 juin 2025 \u00e0 Hambourg en Allemagne. Une occasion unique de rencontrer vos conseillers-experts SES-STERLING et de d\u00e9couvrir les derni\u00e8res nouveaut\u00e9s dans le domaine de l'automatisation industrielle.Lire la suite \"SES-STERLING au salon All About Automation : les 3 et 4 juin 2025 \u00e0 Hambourg (Allemagne)\"","coauthors":[],"tax_additional":{"categories":{"linked":["<a href=\"https:\/\/www.ses-sterling.com\/blog\/category\/actualites-entreprise\/\" class=\"advgb-post-tax-term\">Actualit\u00e9s entreprise<\/a>","<a href=\"https:\/\/www.ses-sterling.com\/blog\/category\/non-classe\/\" class=\"advgb-post-tax-term\">Non class\u00e9<\/a>","<a href=\"https:\/\/www.ses-sterling.com\/blog\/category\/actualites-entreprise\/salons-expositions\/\" class=\"advgb-post-tax-term\">Salons professionnels et expositions<\/a>"],"unlinked":["<span class=\"advgb-post-tax-term\">Actualit\u00e9s entreprise<\/span>","<span class=\"advgb-post-tax-term\">Non class\u00e9<\/span>","<span class=\"advgb-post-tax-term\">Salons professionnels et expositions<\/span>"]}},"comment_count":1,"relative_dates":{"created":"Publi\u00e9 1 an il y a","modified":"Mis \u00e0 jour 1 an il y a"},"absolute_dates":{"created":"Publi\u00e9 le 30 avril 2025","modified":"Mise \u00e0 jour le 29 avril 2025"},"absolute_dates_time":{"created":"Publi\u00e9 le 30 avril 2025 09:30","modified":"Mise \u00e0 jour le 29 avril 2025 10:10"},"featured_img_caption":"","series_order":"","_links":{"self":[{"href":"https:\/\/www.ses-sterling.com\/blog\/wp-json\/wp\/v2\/posts\/48299","targetHints":{"allow":["GET"]}}],"collection":[{"href":"https:\/\/www.ses-sterling.com\/blog\/wp-json\/wp\/v2\/posts"}],"about":[{"href":"https:\/\/www.ses-sterling.com\/blog\/wp-json\/wp\/v2\/types\/post"}],"author":[{"embeddable":true,"href":"https:\/\/www.ses-sterling.com\/blog\/wp-json\/wp\/v2\/users\/1"}],"replies":[{"embeddable":true,"href":"https:\/\/www.ses-sterling.com\/blog\/wp-json\/wp\/v2\/comments?post=48299"}],"version-history":[{"count":7,"href":"https:\/\/www.ses-sterling.com\/blog\/wp-json\/wp\/v2\/posts\/48299\/revisions"}],"predecessor-version":[{"id":48753,"href":"https:\/\/www.ses-sterling.com\/blog\/wp-json\/wp\/v2\/posts\/48299\/revisions\/48753"}],"wp:featuredmedia":[{"embeddable":true,"href":"https:\/\/www.ses-sterling.com\/blog\/wp-json\/wp\/v2\/media\/48309"}],"wp:attachment":[{"href":"https:\/\/www.ses-sterling.com\/blog\/wp-json\/wp\/v2\/media?parent=48299"}],"wp:term":[{"taxonomy":"category","embeddable":true,"href":"https:\/\/www.ses-sterling.com\/blog\/wp-json\/wp\/v2\/categories?post=48299"},{"taxonomy":"post_tag","embeddable":true,"href":"https:\/\/www.ses-sterling.com\/blog\/wp-json\/wp\/v2\/tags?post=48299"}],"curies":[{"name":"wp","href":"https:\/\/api.w.org\/{rel}","templated":true}]}}