{"id":48404,"date":"2025-05-22T09:01:56","date_gmt":"2025-05-22T07:01:56","guid":{"rendered":"https:\/\/www.ses-sterling.com\/blog\/?p=48404"},"modified":"2025-05-20T11:09:51","modified_gmt":"2025-05-20T09:09:51","slug":"ses-sterling-au-14eme-salon-international-de-lindustrie-ferroviaire-sifer-2025","status":"publish","type":"post","link":"https:\/\/www.ses-sterling.com\/blog\/ses-sterling-au-14eme-salon-international-de-lindustrie-ferroviaire-sifer-2025\/","title":{"rendered":"SES-STERLING au 14\u00e8me Salon International de l&#8217;Industrie Ferroviaire (SIFER 2025)"},"content":{"rendered":"\n<div class=\"wp-block-uagb-image uagb-block-b652f10c wp-block-uagb-image--layout-default wp-block-uagb-image--effect-static wp-block-uagb-image--align-none\"><figure class=\"wp-block-uagb-image__figure\"><img decoding=\"async\" data-srcset=\"https:\/\/www.ses-sterling.com\/blog\/wp-content\/uploads\/2025\/05\/banner_multi.webp ,https:\/\/www.ses-sterling.com\/blog\/wp-content\/uploads\/2025\/05\/banner_multi.webp 780w, https:\/\/www.ses-sterling.com\/blog\/wp-content\/uploads\/2025\/05\/banner_multi.webp 360w\" data-sizes=\"auto, (max-width: 480px) 150px\" data-src=\"https:\/\/www.ses-sterling.com\/blog\/wp-content\/uploads\/2025\/05\/banner_multi.webp\" alt=\"\" class=\"uag-image-48445 lazyload\" width=\"1200\" height=\"154\" title=\"SIFER 2025\" role=\"img\" src=\"data:image\/svg+xml;base64,PHN2ZyB3aWR0aD0iMSIgaGVpZ2h0PSIxIiB4bWxucz0iaHR0cDovL3d3dy53My5vcmcvMjAwMC9zdmciPjwvc3ZnPg==\" style=\"--smush-placeholder-width: 1200px; --smush-placeholder-aspect-ratio: 1200\/154;\" \/><\/figure><\/div>\n\n\n\n<p style=\"text-align: justify;\"><br>SES-STERLING participera au SIFER 2025, l&#8217;\u00e9v\u00e9nement incontournable pour les acteurs du secteur ferroviaire. Venez d\u00e9couvrir nos solutions innovantes et certifi\u00e9es, r\u00e9pondant aux exigences strictes de cette industrie.<\/p>\n\n\n\n<h2>SIFER 2025 : Le rendez-vous phare des acteurs de l\u2019industrie ferroviaire<\/h2>\n\n\n\n<p style=\"text-align: justify;\"><br>Le SIFER, Salon International de l&#8217;Industrie Ferroviaire, revient pour sa 14\u00e8me \u00e9dition \u00e0 Lille Grand Palais<strong> du 24 au 26 juin 2025<\/strong>. Organis\u00e9 tous les deux ans, c&#8217;est \u00e9v\u00e9nement s&#8217;est impos\u00e9 comme le rendez-vous de r\u00e9f\u00e9rence pour les professionnels de la fili\u00e8re ferroviaire.<\/p>\n<p style=\"text-align: justify;\">Avec plus de 350 exposants, le salon r\u00e9unit les diff\u00e9rents acteurs de l\u2019industrie au sein d\u2019un lieu unique en son genre. Ainsi, fabricants, fournisseurs, d\u00e9cideurs et op\u00e9rateurs pourront \u00e9changer sur les derni\u00e8res innovations technologiques et <strong>solutions d\u00e9di\u00e9es \u00e0 l&#8217;industrie ferroviaire<\/strong>.<\/p>\n\n\n\n<h2>SES-STERLING, fabricant d\u2019accessoires de c\u00e2blages certifi\u00e9s pour l\u2019industrie ferroviaire<\/h2>\n\n\n\n<p style=\"text-align: justify;\"><br>SES-STERLING fabrique et d\u00e9veloppe des <strong>accessoires de c\u00e2blage<\/strong> sp\u00e9cifiquement con\u00e7us pour r\u00e9pondre aux exigences rigoureuses de l&#8217;industrie ferroviaire. Avec une gamme compl\u00e8te de solutions de gestion des c\u00e2bles <strong>certifi\u00e9es EN 45545-2<\/strong>, nous garantissons \u00e0 nos clients des produits conformes aux normes les plus strictes pour le mat\u00e9riel roulant.<\/p>\n\n\n\n<div class=\"wp-block-uagb-container uagb-block-5718b5f8 alignfull uagb-is-root-container\"><div class=\"uagb-container-inner-blocks-wrap\">\n<div class=\"wp-block-uagb-container uagb-block-220e9ae7\">\n<figure class=\"wp-block-image size-full\"><a href=\"https:\/\/www.ses-sterling.com\/blog\/attache-cable-belto-innovation-ses-sterling\/\"><img decoding=\"async\" width=\"230\" height=\"200\" data-src=\"https:\/\/www.ses-sterling.com\/blog\/wp-content\/uploads\/2025\/05\/BELTO-norme.webp\" alt=\"\" class=\"wp-image-48433 lazyload\" data-srcset=\"https:\/\/www.ses-sterling.com\/blog\/wp-content\/uploads\/2025\/05\/BELTO-norme.webp 230w, https:\/\/www.ses-sterling.com\/blog\/wp-content\/uploads\/2025\/05\/BELTO-norme-150x130.webp 150w\" data-sizes=\"(max-width: 230px) 100vw, 230px\" src=\"data:image\/svg+xml;base64,PHN2ZyB3aWR0aD0iMSIgaGVpZ2h0PSIxIiB4bWxucz0iaHR0cDovL3d3dy53My5vcmcvMjAwMC9zdmciPjwvc3ZnPg==\" style=\"--smush-placeholder-width: 230px; --smush-placeholder-aspect-ratio: 230\/200;\" \/><\/a><\/figure>\n<\/div>\n\n\n\n<div class=\"wp-block-uagb-container uagb-block-c8e119e3\">\n<p style=\"text-align: justify;\"><span style=\"color: #ff6600;\">L&#8217;attache-c\u00e2ble \u00e0 t\u00eate plate BELTO<\/span><span style=\"color: #ff6600;\"><sup>\u00ae<\/sup><\/span><em><span style=\"color: #ff6600;\"><strong><sup><br><\/sup><br><\/strong><\/span><\/em>Compatible avec les standards du secteur ferroviaire, l&#8217;<strong>attache-c\u00e2ble \u00e0 t\u00eate plate BELTO<sup>\u00ae<\/sup><\/strong> a obtenu la certification NF F61-349. Cette <strong>innovation brevet\u00e9e<\/strong> excelle dans les espaces restreints et assure une fixation robuste des c\u00e2blages. Sa r\u00e9sistance aux contraintes m\u00e9caniques, aux UV, aux fluides et au feu en fait une solution id\u00e9ale pour les installations o\u00f9 la s\u00e9curit\u00e9 et la fiabilit\u00e9 sont essentielles. <a href=\"https:\/\/www.ses-sterling.com\/blog\/attache-cable-belto-innovation-ses-sterling\/\"><em>&gt; En savoir plus<\/em><\/a><\/p>\n<\/div>\n<\/div><\/div>\n\n\n\n<h2>Retrouvez-nous au SIFER \u00e0 Lille du 24 au 26 juin 2025<\/h2>\n\n\n\n<p style=\"text-align: justify;\" align=\"left\"><br>Vos conseillers-experts vous attendent sur le <strong>stand 2-260<\/strong> pour vous pr\u00e9senter nos solutions innovantes et durables pour l\u2019industrie ferroviaire. <a href=\"https:\/\/www.sifer-expo.com\/fr-fr\/tickets.html\" target=\"_blank\" rel=\"noopener\">Cliquez-ici<\/a> pour obtenir votre billet d&#8217;entr\u00e9e.<\/p>\n\n\n\n<p class=\"alignright\"><iframe style=\"border: 0;\" data-src=\"https:\/\/www.google.com\/maps\/embed?pb=!1m18!1m12!1m3!1d2530.699636648553!2d3.0757555159107226!3d50.63269637950086!2m3!1f0!2f0!3f0!3m2!1i1024!2i768!4f13.1!3m3!1m2!1s0x47c2d5edf53303cd%3A0xa21c4b7809284f55!2sLille%20Grand%20Palais!5e0!3m2!1sfr!2sfr!4v1634109659580!5m2!1sfr!2sfr\" width=\"500\" height=\"350\" allowfullscreen=\"allowfullscreen\" src=\"data:image\/svg+xml;base64,PHN2ZyB3aWR0aD0iMSIgaGVpZ2h0PSIxIiB4bWxucz0iaHR0cDovL3d3dy53My5vcmcvMjAwMC9zdmciPjwvc3ZnPg==\" class=\"lazyload\" data-load-mode=\"1\"><\/iframe><\/p>\n<p align=\"left\">\u00a0<\/p>\n<p style=\"text-align: left;\" align=\"left\"><strong>Adresse<\/strong> :<br \/>Lille Grand Palais <br \/>1 Boulevard des Cit\u00e9s Unies <br \/>59800 LILLE<\/p>\n<p><strong>Horaires :<br \/><\/strong>Mardi 24 juin 2025\u00a0 de 10h00 \u00e0 17h00<br \/>Mercredi 25 juin 2025 de 10h00 \u00e0 19h00<br \/>Jeudi 26 juin 2025 de 10h00 \u00e0 16h00<\/p>\n<p>\u00a0<\/p>\n<p>\u00a0<\/p>\n<p>\u00a0<\/p>\n\n\n\n<div class=\"wp-block-uagb-separator uagb-block-45166cb4\"><div class=\"uagb-separator-spacing-wrapper\"><div class=\"wp-block-uagb-separator__inner\" style=\"--my-background-image:\"><\/div><\/div><\/div>\n\n\n\n\t\t\t<div class=\"wp-block-uagb-post-carousel uagb-post-grid  uagb-post__image-position-top uagb-post__image-enabled uagb-block-61879ed5     uagb-post__arrow-outside uagb-slick-carousel uagb-post__items uagb-post__columns-3 is-carousel uagb-post__columns-tablet-2 uagb-post__columns-mobile-1 uagb-post__carousel_equal-height\" data-total=\"7\" style=\"\">\n\n\t\t\t\t\t\t\t\t\t\t\t\t<article class=\"uagb-post__inner-wrap\">\t\t\t\t\t\t\t\t<div class='uagb-post__image'>\n\t\t\t\t\t\t\t\t\t<a href=\"https:\/\/www.ses-sterling.com\/blog\/ses-sterling-salon-all-about-automation-heilbronn-2026\/\" target=\"_self\" rel=\"bookmark noopener noreferrer\"><img decoding=\"async\" width=\"525\" height=\"525\" data-src=\"https:\/\/www.ses-sterling.com\/blog\/wp-content\/uploads\/2026\/03\/AAA_HEILBRONN_Visuel_carre_2026_FR-1024x1024.png\" class=\"attachment-large size-large lazyload\" alt=\"\" data-srcset=\"https:\/\/www.ses-sterling.com\/blog\/wp-content\/uploads\/2026\/03\/AAA_HEILBRONN_Visuel_carre_2026_FR-1024x1024.png 1024w, https:\/\/www.ses-sterling.com\/blog\/wp-content\/uploads\/2026\/03\/AAA_HEILBRONN_Visuel_carre_2026_FR-300x300.png 300w, https:\/\/www.ses-sterling.com\/blog\/wp-content\/uploads\/2026\/03\/AAA_HEILBRONN_Visuel_carre_2026_FR-150x150.png 150w, https:\/\/www.ses-sterling.com\/blog\/wp-content\/uploads\/2026\/03\/AAA_HEILBRONN_Visuel_carre_2026_FR-768x768.png 768w, https:\/\/www.ses-sterling.com\/blog\/wp-content\/uploads\/2026\/03\/AAA_HEILBRONN_Visuel_carre_2026_FR-100x100.png 100w, https:\/\/www.ses-sterling.com\/blog\/wp-content\/uploads\/2026\/03\/AAA_HEILBRONN_Visuel_carre_2026_FR.png 1080w\" data-sizes=\"100vw\" src=\"data:image\/svg+xml;base64,PHN2ZyB3aWR0aD0iMSIgaGVpZ2h0PSIxIiB4bWxucz0iaHR0cDovL3d3dy53My5vcmcvMjAwMC9zdmciPjwvc3ZnPg==\" style=\"--smush-placeholder-width: 525px; --smush-placeholder-aspect-ratio: 525\/525;\" \/>\t\t\t\t\t<\/a>\n\t\t\t\t\t\t\t\t\t<\/div>\n\t\t\t\t\t\t<h4 class=\"uagb-post__title uagb-post__text\">\n\t\t\t\t<a href=\"https:\/\/www.ses-sterling.com\/blog\/ses-sterling-salon-all-about-automation-heilbronn-2026\/\" target=\"_self\" rel=\"bookmark noopener noreferrer\">Rencontrez-nous au salon All About Automation 2026 \u00e0 Heilbronn !<\/a>\n\t\t\t<\/h4>\n\t\t\t\t\t\t<div class='uagb-post__text uagb-post-grid-byline'>\n\t\t\t\t\t\t\t\t<time datetime=\"2026-04-27T13:45:27+02:00\" class=\"uagb-post__date\">\n\t\t\t\t\t\t\t\t\t27 avril 2026\t\t\t\t<\/time>\n\t\t\t\t\t\t<\/div>\n\t\t\t\t\t\t<div class=\"uagb-post__text uagb-post__cta wp-block-button\">\n\t\t\t\t<a class=\"wp-block-button__link uagb-text-link\" style=\"\" href=\"https:\/\/www.ses-sterling.com\/blog\/ses-sterling-salon-all-about-automation-heilbronn-2026\/\" target=\"_self\" rel=\"bookmark noopener noreferrer\">Lire la suite<\/a>\n\t\t\t<\/div>\n\t\t\t\n\t\t\t\t\t\t\t\t\t<\/article>\n\t\t\t\t\t\t\t\t\t\t\t\t\t\t\t\t<article class=\"uagb-post__inner-wrap\">\t\t\t\t\t\t\t\t<div class='uagb-post__image'>\n\t\t\t\t\t\t\t\t\t<a href=\"https:\/\/www.ses-sterling.com\/blog\/aaa-friedrichshafen-2026-salon-automation\/\" target=\"_self\" rel=\"bookmark noopener noreferrer\"><img decoding=\"async\" width=\"525\" height=\"525\" data-src=\"https:\/\/www.ses-sterling.com\/blog\/wp-content\/uploads\/2026\/02\/AAA_Friedrichschafen_Visuel_RS_FR.png\" class=\"attachment-large size-large lazyload\" alt=\"\" data-srcset=\"https:\/\/www.ses-sterling.com\/blog\/wp-content\/uploads\/2026\/02\/AAA_Friedrichschafen_Visuel_RS_FR.png 800w, https:\/\/www.ses-sterling.com\/blog\/wp-content\/uploads\/2026\/02\/AAA_Friedrichschafen_Visuel_RS_FR-300x300.png 300w, https:\/\/www.ses-sterling.com\/blog\/wp-content\/uploads\/2026\/02\/AAA_Friedrichschafen_Visuel_RS_FR-150x150.png 150w, https:\/\/www.ses-sterling.com\/blog\/wp-content\/uploads\/2026\/02\/AAA_Friedrichschafen_Visuel_RS_FR-768x768.png 768w, https:\/\/www.ses-sterling.com\/blog\/wp-content\/uploads\/2026\/02\/AAA_Friedrichschafen_Visuel_RS_FR-100x100.png 100w\" data-sizes=\"100vw\" src=\"data:image\/svg+xml;base64,PHN2ZyB3aWR0aD0iMSIgaGVpZ2h0PSIxIiB4bWxucz0iaHR0cDovL3d3dy53My5vcmcvMjAwMC9zdmciPjwvc3ZnPg==\" style=\"--smush-placeholder-width: 525px; --smush-placeholder-aspect-ratio: 525\/525;\" \/>\t\t\t\t\t<\/a>\n\t\t\t\t\t\t\t\t\t<\/div>\n\t\t\t\t\t\t<h4 class=\"uagb-post__title uagb-post__text\">\n\t\t\t\t<a href=\"https:\/\/www.ses-sterling.com\/blog\/aaa-friedrichshafen-2026-salon-automation\/\" target=\"_self\" rel=\"bookmark noopener noreferrer\">Venez nous rendre visite au salon All About Automation les 10 et 11 mars 2026 \u00e0 Friedrichshafen<\/a>\n\t\t\t<\/h4>\n\t\t\t\t\t\t<div class='uagb-post__text uagb-post-grid-byline'>\n\t\t\t\t\t\t\t\t<time datetime=\"2026-03-04T08:22:39+01:00\" class=\"uagb-post__date\">\n\t\t\t\t\t\t\t\t\t4 mars 2026\t\t\t\t<\/time>\n\t\t\t\t\t\t<\/div>\n\t\t\t\t\t\t<div class=\"uagb-post__text uagb-post__cta wp-block-button\">\n\t\t\t\t<a class=\"wp-block-button__link uagb-text-link\" style=\"\" href=\"https:\/\/www.ses-sterling.com\/blog\/aaa-friedrichshafen-2026-salon-automation\/\" target=\"_self\" rel=\"bookmark noopener noreferrer\">Lire la suite<\/a>\n\t\t\t<\/div>\n\t\t\t\n\t\t\t\t\t\t\t\t\t<\/article>\n\t\t\t\t\t\t\t\t\t\t\t\t\t\t\t\t<article class=\"uagb-post__inner-wrap\">\t\t\t\t\t\t\t\t<div class='uagb-post__image'>\n\t\t\t\t\t\t\t\t\t<a href=\"https:\/\/www.ses-sterling.com\/blog\/ses-eupen-a-indumation-2026-solutions-autour-du-cable\/\" target=\"_self\" rel=\"bookmark noopener noreferrer\"><img decoding=\"async\" width=\"525\" height=\"525\" data-src=\"https:\/\/www.ses-sterling.com\/blog\/wp-content\/uploads\/2025\/11\/SES-STERLING-Salon-Indumation-2026-FR-1024x1024.webp\" class=\"attachment-large size-large lazyload\" alt=\"\" data-srcset=\"https:\/\/www.ses-sterling.com\/blog\/wp-content\/uploads\/2025\/11\/SES-STERLING-Salon-Indumation-2026-FR-1024x1024.webp 1024w, https:\/\/www.ses-sterling.com\/blog\/wp-content\/uploads\/2025\/11\/SES-STERLING-Salon-Indumation-2026-FR-300x300.webp 300w, https:\/\/www.ses-sterling.com\/blog\/wp-content\/uploads\/2025\/11\/SES-STERLING-Salon-Indumation-2026-FR-150x150.webp 150w, https:\/\/www.ses-sterling.com\/blog\/wp-content\/uploads\/2025\/11\/SES-STERLING-Salon-Indumation-2026-FR-768x768.webp 768w, https:\/\/www.ses-sterling.com\/blog\/wp-content\/uploads\/2025\/11\/SES-STERLING-Salon-Indumation-2026-FR-100x100.webp 100w, https:\/\/www.ses-sterling.com\/blog\/wp-content\/uploads\/2025\/11\/SES-STERLING-Salon-Indumation-2026-FR.webp 1080w\" data-sizes=\"100vw\" src=\"data:image\/svg+xml;base64,PHN2ZyB3aWR0aD0iMSIgaGVpZ2h0PSIxIiB4bWxucz0iaHR0cDovL3d3dy53My5vcmcvMjAwMC9zdmciPjwvc3ZnPg==\" style=\"--smush-placeholder-width: 525px; --smush-placeholder-aspect-ratio: 525\/525;\" \/>\t\t\t\t\t<\/a>\n\t\t\t\t\t\t\t\t\t<\/div>\n\t\t\t\t\t\t<h4 class=\"uagb-post__title uagb-post__text\">\n\t\t\t\t<a href=\"https:\/\/www.ses-sterling.com\/blog\/ses-eupen-a-indumation-2026-solutions-autour-du-cable\/\" target=\"_self\" rel=\"bookmark noopener noreferrer\">Retrouvez SES-EUPEN au salon Indumation 2026<\/a>\n\t\t\t<\/h4>\n\t\t\t\t\t\t<div class='uagb-post__text uagb-post-grid-byline'>\n\t\t\t\t\t\t\t\t<time datetime=\"2026-01-26T09:07:26+01:00\" class=\"uagb-post__date\">\n\t\t\t\t\t\t\t\t\t26 janvier 2026\t\t\t\t<\/time>\n\t\t\t\t\t\t<\/div>\n\t\t\t\t\t\t<div class=\"uagb-post__text uagb-post__cta wp-block-button\">\n\t\t\t\t<a class=\"wp-block-button__link uagb-text-link\" style=\"\" href=\"https:\/\/www.ses-sterling.com\/blog\/ses-eupen-a-indumation-2026-solutions-autour-du-cable\/\" target=\"_self\" rel=\"bookmark noopener noreferrer\">Lire la suite<\/a>\n\t\t\t<\/div>\n\t\t\t\n\t\t\t\t\t\t\t\t\t<\/article>\n\t\t\t\t\t\t\t\t\t\t\t\t\t\t\t\t<article class=\"uagb-post__inner-wrap\">\t\t\t\t\t\t\t\t<div class='uagb-post__image'>\n\t\t\t\t\t\t\t\t\t<a href=\"https:\/\/www.ses-sterling.com\/blog\/all-about-automation-berlin-2026-solutions-ses-sterling\/\" target=\"_self\" rel=\"bookmark noopener noreferrer\"><img decoding=\"async\" width=\"525\" height=\"525\" data-src=\"https:\/\/www.ses-sterling.com\/blog\/wp-content\/uploads\/2026\/01\/AAA_Berlin_Visuel_RS_FR-1.jpg\" class=\"attachment-large size-large lazyload\" alt=\"\" data-srcset=\"https:\/\/www.ses-sterling.com\/blog\/wp-content\/uploads\/2026\/01\/AAA_Berlin_Visuel_RS_FR-1.jpg 800w, https:\/\/www.ses-sterling.com\/blog\/wp-content\/uploads\/2026\/01\/AAA_Berlin_Visuel_RS_FR-1-300x300.jpg 300w, https:\/\/www.ses-sterling.com\/blog\/wp-content\/uploads\/2026\/01\/AAA_Berlin_Visuel_RS_FR-1-150x150.jpg 150w, https:\/\/www.ses-sterling.com\/blog\/wp-content\/uploads\/2026\/01\/AAA_Berlin_Visuel_RS_FR-1-768x768.jpg 768w, https:\/\/www.ses-sterling.com\/blog\/wp-content\/uploads\/2026\/01\/AAA_Berlin_Visuel_RS_FR-1-100x100.jpg 100w\" data-sizes=\"100vw\" src=\"data:image\/svg+xml;base64,PHN2ZyB3aWR0aD0iMSIgaGVpZ2h0PSIxIiB4bWxucz0iaHR0cDovL3d3dy53My5vcmcvMjAwMC9zdmciPjwvc3ZnPg==\" style=\"--smush-placeholder-width: 525px; --smush-placeholder-aspect-ratio: 525\/525;\" \/>\t\t\t\t\t<\/a>\n\t\t\t\t\t\t\t\t\t<\/div>\n\t\t\t\t\t\t<h4 class=\"uagb-post__title uagb-post__text\">\n\t\t\t\t<a href=\"https:\/\/www.ses-sterling.com\/blog\/all-about-automation-berlin-2026-solutions-ses-sterling\/\" target=\"_self\" rel=\"bookmark noopener noreferrer\">All About Automation Berlin 2026\u00a0: d\u00e9couvrez les solutions de SES-STERLING<\/a>\n\t\t\t<\/h4>\n\t\t\t\t\t\t<div class='uagb-post__text uagb-post-grid-byline'>\n\t\t\t\t\t\t\t\t<time datetime=\"2026-01-21T13:25:25+01:00\" class=\"uagb-post__date\">\n\t\t\t\t\t\t\t\t\t21 janvier 2026\t\t\t\t<\/time>\n\t\t\t\t\t\t<\/div>\n\t\t\t\t\t\t<div class=\"uagb-post__text uagb-post__cta wp-block-button\">\n\t\t\t\t<a class=\"wp-block-button__link uagb-text-link\" style=\"\" href=\"https:\/\/www.ses-sterling.com\/blog\/all-about-automation-berlin-2026-solutions-ses-sterling\/\" target=\"_self\" rel=\"bookmark noopener noreferrer\">Lire la suite<\/a>\n\t\t\t<\/div>\n\t\t\t\n\t\t\t\t\t\t\t\t\t<\/article>\n\t\t\t\t\t\t\t\t\t\t\t\t\t\t\t\t<article class=\"uagb-post__inner-wrap\">\t\t\t\t\t\t\t\t<div class='uagb-post__image'>\n\t\t\t\t\t\t\t\t\t<a href=\"https:\/\/www.ses-sterling.com\/blog\/ses-sterling-sepem-douai-2026-salon-industriel\/\" target=\"_self\" rel=\"bookmark noopener noreferrer\"><img decoding=\"async\" width=\"525\" height=\"525\" data-src=\"https:\/\/www.ses-sterling.com\/blog\/wp-content\/uploads\/2025\/12\/SES-STERLING-SEPEM-DOUAI-2026-Visuel-carre-FR.webp\" class=\"attachment-large size-large lazyload\" alt=\"\" data-srcset=\"https:\/\/www.ses-sterling.com\/blog\/wp-content\/uploads\/2025\/12\/SES-STERLING-SEPEM-DOUAI-2026-Visuel-carre-FR.webp 800w, https:\/\/www.ses-sterling.com\/blog\/wp-content\/uploads\/2025\/12\/SES-STERLING-SEPEM-DOUAI-2026-Visuel-carre-FR-300x300.webp 300w, https:\/\/www.ses-sterling.com\/blog\/wp-content\/uploads\/2025\/12\/SES-STERLING-SEPEM-DOUAI-2026-Visuel-carre-FR-150x150.webp 150w, https:\/\/www.ses-sterling.com\/blog\/wp-content\/uploads\/2025\/12\/SES-STERLING-SEPEM-DOUAI-2026-Visuel-carre-FR-768x768.webp 768w, https:\/\/www.ses-sterling.com\/blog\/wp-content\/uploads\/2025\/12\/SES-STERLING-SEPEM-DOUAI-2026-Visuel-carre-FR-100x100.webp 100w\" data-sizes=\"100vw\" src=\"data:image\/svg+xml;base64,PHN2ZyB3aWR0aD0iMSIgaGVpZ2h0PSIxIiB4bWxucz0iaHR0cDovL3d3dy53My5vcmcvMjAwMC9zdmciPjwvc3ZnPg==\" style=\"--smush-placeholder-width: 525px; --smush-placeholder-aspect-ratio: 525\/525;\" \/>\t\t\t\t\t<\/a>\n\t\t\t\t\t\t\t\t\t<\/div>\n\t\t\t\t\t\t<h4 class=\"uagb-post__title uagb-post__text\">\n\t\t\t\t<a href=\"https:\/\/www.ses-sterling.com\/blog\/ses-sterling-sepem-douai-2026-salon-industriel\/\" target=\"_self\" rel=\"bookmark noopener noreferrer\">SES-STERLING au SEPEM Douai 2026\u00a0: prot\u00e9ger les machines pour une industrie plus s\u00fbre<\/a>\n\t\t\t<\/h4>\n\t\t\t\t\t\t<div class='uagb-post__text uagb-post-grid-byline'>\n\t\t\t\t\t\t\t\t<time datetime=\"2025-12-08T08:33:24+01:00\" class=\"uagb-post__date\">\n\t\t\t\t\t\t\t\t\t8 d\u00e9cembre 2025\t\t\t\t<\/time>\n\t\t\t\t\t\t<\/div>\n\t\t\t\t\t\t<div class=\"uagb-post__text uagb-post__cta wp-block-button\">\n\t\t\t\t<a class=\"wp-block-button__link uagb-text-link\" style=\"\" href=\"https:\/\/www.ses-sterling.com\/blog\/ses-sterling-sepem-douai-2026-salon-industriel\/\" target=\"_self\" rel=\"bookmark noopener noreferrer\">Lire la suite<\/a>\n\t\t\t<\/div>\n\t\t\t\n\t\t\t\t\t\t\t\t\t<\/article>\n\t\t\t\t\t\t\t\t\t\t\t\t\t\t\t\t<article class=\"uagb-post__inner-wrap\">\t\t\t\t\t\t\t\t<div class='uagb-post__image'>\n\t\t\t\t\t\t\t\t\t<a href=\"https:\/\/www.ses-sterling.com\/blog\/ses-sterling-au-salon-sps-2025-le-rendez-vous-industriel-incontournable\/\" target=\"_self\" rel=\"bookmark noopener noreferrer\"><img decoding=\"async\" width=\"525\" height=\"525\" data-src=\"https:\/\/www.ses-sterling.com\/blog\/wp-content\/uploads\/2025\/10\/SPS-2025-Visuel-carre-FR.png\" class=\"attachment-large size-large lazyload\" alt=\"Retrouvez SES-STERLING au salon SPS 2025 sur le stand 350 halle 3C !\" data-srcset=\"https:\/\/www.ses-sterling.com\/blog\/wp-content\/uploads\/2025\/10\/SPS-2025-Visuel-carre-FR.png 800w, https:\/\/www.ses-sterling.com\/blog\/wp-content\/uploads\/2025\/10\/SPS-2025-Visuel-carre-FR-300x300.png 300w, https:\/\/www.ses-sterling.com\/blog\/wp-content\/uploads\/2025\/10\/SPS-2025-Visuel-carre-FR-150x150.png 150w, https:\/\/www.ses-sterling.com\/blog\/wp-content\/uploads\/2025\/10\/SPS-2025-Visuel-carre-FR-768x768.png 768w, https:\/\/www.ses-sterling.com\/blog\/wp-content\/uploads\/2025\/10\/SPS-2025-Visuel-carre-FR-100x100.png 100w\" data-sizes=\"100vw\" src=\"data:image\/svg+xml;base64,PHN2ZyB3aWR0aD0iMSIgaGVpZ2h0PSIxIiB4bWxucz0iaHR0cDovL3d3dy53My5vcmcvMjAwMC9zdmciPjwvc3ZnPg==\" style=\"--smush-placeholder-width: 525px; --smush-placeholder-aspect-ratio: 525\/525;\" \/>\t\t\t\t\t<\/a>\n\t\t\t\t\t\t\t\t\t<\/div>\n\t\t\t\t\t\t<h4 class=\"uagb-post__title uagb-post__text\">\n\t\t\t\t<a href=\"https:\/\/www.ses-sterling.com\/blog\/ses-sterling-au-salon-sps-2025-le-rendez-vous-industriel-incontournable\/\" target=\"_self\" rel=\"bookmark noopener noreferrer\">SES-STERLING au salon SPS 2025 : le rendez-vous industriel incontournable<\/a>\n\t\t\t<\/h4>\n\t\t\t\t\t\t<div class='uagb-post__text uagb-post-grid-byline'>\n\t\t\t\t\t\t\t\t<time datetime=\"2025-11-12T09:15:29+01:00\" class=\"uagb-post__date\">\n\t\t\t\t\t\t\t\t\t12 novembre 2025\t\t\t\t<\/time>\n\t\t\t\t\t\t<\/div>\n\t\t\t\t\t\t<div class=\"uagb-post__text uagb-post__cta wp-block-button\">\n\t\t\t\t<a class=\"wp-block-button__link uagb-text-link\" style=\"\" href=\"https:\/\/www.ses-sterling.com\/blog\/ses-sterling-au-salon-sps-2025-le-rendez-vous-industriel-incontournable\/\" target=\"_self\" rel=\"bookmark noopener noreferrer\">Lire la suite<\/a>\n\t\t\t<\/div>\n\t\t\t\n\t\t\t\t\t\t\t\t\t<\/article>\n\t\t\t\t\t\t\t\t\t\t\t<\/div>\n\t\t\t","protected":false},"excerpt":{"rendered":"<p>SES-STERLING participera au SIFER 2025, l&#8217;\u00e9v\u00e9nement incontournable pour les acteurs du secteur ferroviaire. Venez d\u00e9couvrir nos solutions innovantes et certifi\u00e9es, r\u00e9pondant aux exigences strictes de cette industrie.<\/p>\n<p class=\"link-more\"><a href=\"https:\/\/www.ses-sterling.com\/blog\/ses-sterling-au-14eme-salon-international-de-lindustrie-ferroviaire-sifer-2025\/\">Lire la suite<span class=\"screen-reader-text\"> &#8220;SES-STERLING au 14\u00e8me Salon International de l&#8217;Industrie Ferroviaire (SIFER 2025)&#8221;<\/span><\/a><\/p>\n","protected":false},"author":1,"featured_media":48448,"comment_status":"open","ping_status":"open","sticky":false,"template":"","format":"standard","meta":{"om_disable_all_campaigns":false,"_uag_custom_page_level_css":"","advgb_blocks_editor_width":"","advgb_blocks_columns_visual_guide":"","_monsterinsights_skip_tracking":false,"_monsterinsights_sitenote_active":false,"_monsterinsights_sitenote_note":"","_monsterinsights_sitenote_category":0,"footnotes":""},"categories":[24,51],"tags":[],"class_list":["post-48404","post","type-post","status-publish","format-standard","has-post-thumbnail","hentry","category-actualites-entreprise","category-salons-expositions"],"aioseo_notices":[],"author_meta":{"display_name":"admin","author_link":"https:\/\/www.ses-sterling.com\/blog\/author\/admin\/"},"featured_img":"https:\/\/www.ses-sterling.com\/blog\/wp-content\/uploads\/2025\/05\/snippet_FR-300x250.webp","uagb_featured_image_src":{"full":["https:\/\/www.ses-sterling.com\/blog\/wp-content\/uploads\/2025\/05\/snippet_FR.webp",586,488,false],"thumbnail":["https:\/\/www.ses-sterling.com\/blog\/wp-content\/uploads\/2025\/05\/snippet_FR-150x125.webp",150,125,true],"medium":["https:\/\/www.ses-sterling.com\/blog\/wp-content\/uploads\/2025\/05\/snippet_FR-300x250.webp",300,250,true],"medium_large":["https:\/\/www.ses-sterling.com\/blog\/wp-content\/uploads\/2025\/05\/snippet_FR.webp",525,437,false],"large":["https:\/\/www.ses-sterling.com\/blog\/wp-content\/uploads\/2025\/05\/snippet_FR.webp",525,437,false],"1536x1536":["https:\/\/www.ses-sterling.com\/blog\/wp-content\/uploads\/2025\/05\/snippet_FR.webp",586,488,false],"2048x2048":["https:\/\/www.ses-sterling.com\/blog\/wp-content\/uploads\/2025\/05\/snippet_FR.webp",586,488,false],"twentyseventeen-featured-image":["https:\/\/www.ses-sterling.com\/blog\/wp-content\/uploads\/2025\/05\/snippet_FR.webp",586,488,false],"twentyseventeen-thumbnail-avatar":["https:\/\/www.ses-sterling.com\/blog\/wp-content\/uploads\/2025\/05\/snippet_FR-100x100.webp",100,100,true],"sow-carousel-default":["https:\/\/www.ses-sterling.com\/blog\/wp-content\/uploads\/2025\/05\/snippet_FR-272x182.webp",272,182,true]},"uagb_author_info":{"display_name":"admin","author_link":"https:\/\/www.ses-sterling.com\/blog\/author\/admin\/"},"uagb_comment_info":0,"uagb_excerpt":"SES-STERLING participera au SIFER 2025, l'\u00e9v\u00e9nement incontournable pour les acteurs du secteur ferroviaire. Venez d\u00e9couvrir nos solutions innovantes et certifi\u00e9es, r\u00e9pondant aux exigences strictes de cette industrie.Lire la suite \"SES-STERLING au 14\u00e8me Salon International de l&#8217;Industrie Ferroviaire (SIFER 2025)\"","coauthors":[],"tax_additional":{"categories":{"linked":["<a href=\"https:\/\/www.ses-sterling.com\/blog\/category\/actualites-entreprise\/\" class=\"advgb-post-tax-term\">Actualit\u00e9s entreprise<\/a>","<a href=\"https:\/\/www.ses-sterling.com\/blog\/category\/actualites-entreprise\/salons-expositions\/\" class=\"advgb-post-tax-term\">Salons professionnels et expositions<\/a>"],"unlinked":["<span class=\"advgb-post-tax-term\">Actualit\u00e9s entreprise<\/span>","<span class=\"advgb-post-tax-term\">Salons professionnels et expositions<\/span>"]}},"comment_count":"0","relative_dates":{"created":"Publi\u00e9 11 mois il y a","modified":"Mis \u00e0 jour 12 mois il y a"},"absolute_dates":{"created":"Publi\u00e9 le 22 mai 2025","modified":"Mise \u00e0 jour le 20 mai 2025"},"absolute_dates_time":{"created":"Publi\u00e9 le 22 mai 2025 09:01","modified":"Mise \u00e0 jour le 20 mai 2025 11:09"},"featured_img_caption":"","series_order":"","_links":{"self":[{"href":"https:\/\/www.ses-sterling.com\/blog\/wp-json\/wp\/v2\/posts\/48404","targetHints":{"allow":["GET"]}}],"collection":[{"href":"https:\/\/www.ses-sterling.com\/blog\/wp-json\/wp\/v2\/posts"}],"about":[{"href":"https:\/\/www.ses-sterling.com\/blog\/wp-json\/wp\/v2\/types\/post"}],"author":[{"embeddable":true,"href":"https:\/\/www.ses-sterling.com\/blog\/wp-json\/wp\/v2\/users\/1"}],"replies":[{"embeddable":true,"href":"https:\/\/www.ses-sterling.com\/blog\/wp-json\/wp\/v2\/comments?post=48404"}],"version-history":[{"count":32,"href":"https:\/\/www.ses-sterling.com\/blog\/wp-json\/wp\/v2\/posts\/48404\/revisions"}],"predecessor-version":[{"id":48508,"href":"https:\/\/www.ses-sterling.com\/blog\/wp-json\/wp\/v2\/posts\/48404\/revisions\/48508"}],"wp:featuredmedia":[{"embeddable":true,"href":"https:\/\/www.ses-sterling.com\/blog\/wp-json\/wp\/v2\/media\/48448"}],"wp:attachment":[{"href":"https:\/\/www.ses-sterling.com\/blog\/wp-json\/wp\/v2\/media?parent=48404"}],"wp:term":[{"taxonomy":"category","embeddable":true,"href":"https:\/\/www.ses-sterling.com\/blog\/wp-json\/wp\/v2\/categories?post=48404"},{"taxonomy":"post_tag","embeddable":true,"href":"https:\/\/www.ses-sterling.com\/blog\/wp-json\/wp\/v2\/tags?post=48404"}],"curies":[{"name":"wp","href":"https:\/\/api.w.org\/{rel}","templated":true}]}}