{"id":49192,"date":"2025-10-28T11:14:02","date_gmt":"2025-10-28T10:14:02","guid":{"rendered":"https:\/\/www.ses-sterling.com\/blog\/?p=49192"},"modified":"2025-10-28T11:16:30","modified_gmt":"2025-10-28T10:16:30","slug":"ses-sterling-salon-fmb-bad-salzuflen-2025","status":"publish","type":"post","link":"https:\/\/www.ses-sterling.com\/blog\/ses-sterling-salon-fmb-bad-salzuflen-2025\/","title":{"rendered":"SES-STERLING au FMB Bad Salzuflen 2025"},"content":{"rendered":"\n<p>Cette ann\u00e9e encore, le salon leader de la construction m\u00e9canique Fachmesse F\u00fcr Maschinenbau (FMB) se tiendra <b>\u00e0 Bad Salzuflen<\/b>, en Allemagne <b>du 4 au 6 novembre<\/b>. Retrouvez-nous <b>sur le stand CP12 dans la halle 21<\/b> pour discuter avec nos experts de nos solutions en rep\u00e9rage, fixation et protection des c\u00e2bles.<\/p>\n\n\n\n<h2><b>1. FMB en quelques chiffres<\/b><\/h2>\n\n\n\n<p>Salon incontournable pour les plus grandes entreprises de construction m\u00e9canique d\u2019Allemagne et du monde, FMB est un rendez-vous tr\u00e8s attendu pour discuter des nouveaux axes de d\u00e9veloppement et venir d\u00e9couvrir les avanc\u00e9es technologiques du domaine. Agissant comme <b>une plateforme de rencontre<\/b><b> <\/b><b>dans l\u2019<\/b><b>Ostwestfalen-Lippe<\/b> (OWL), il se tient au c\u0153ur de l\u2019une des r\u00e9gions les plus avanc\u00e9es d\u2019Allemagne dans le secteur de la conception de machines et syst\u00e8mes.<br \/><br \/>L\u2019ensemble du spectre de la construction m\u00e9canique et des installations y sera repr\u00e9sent\u00e9\u00a0: des pi\u00e8ces de machines aux services industriels en passant par le d\u00e9veloppement de produit ou encore la robotique, les acteurs du salon seront aussi nombreux que vari\u00e9s.<br \/><br \/>Cette ann\u00e9e, <b>le salon FMB f\u00eatera ses 20 ans<\/b> et se pr\u00e9pare \u00e0 accueillir plus de 800 exposants\u00a0! C\u2019est l\u2019occasion id\u00e9ale pour SES-STERLING de venir \u00e0 votre rencontre et vous pr\u00e9senter <b>nos solutions de rep\u00e9rage, fixation et protection de c\u00e2bles<\/b> r\u00e9pondant aux exigences de la construction m\u00e9canique.<\/p>\n\n\n\n<p><img decoding=\"async\" class=\"wp-image-49149 aligncenter lazyload\" data-src=\"https:\/\/www.ses-sterling.com\/blog\/wp-content\/uploads\/2025\/10\/Salon-FMB-FR-300x300.webp\" alt=\"\" width=\"505\" height=\"505\" data-srcset=\"https:\/\/www.ses-sterling.com\/blog\/wp-content\/uploads\/2025\/10\/Salon-FMB-FR-300x300.webp 300w, https:\/\/www.ses-sterling.com\/blog\/wp-content\/uploads\/2025\/10\/Salon-FMB-FR-1024x1024.webp 1024w, https:\/\/www.ses-sterling.com\/blog\/wp-content\/uploads\/2025\/10\/Salon-FMB-FR-150x150.webp 150w, https:\/\/www.ses-sterling.com\/blog\/wp-content\/uploads\/2025\/10\/Salon-FMB-FR-768x768.webp 768w, https:\/\/www.ses-sterling.com\/blog\/wp-content\/uploads\/2025\/10\/Salon-FMB-FR-100x100.webp 100w, https:\/\/www.ses-sterling.com\/blog\/wp-content\/uploads\/2025\/10\/Salon-FMB-FR.webp 1080w\" data-sizes=\"(max-width: 505px) 100vw, 505px\" src=\"data:image\/svg+xml;base64,PHN2ZyB3aWR0aD0iMSIgaGVpZ2h0PSIxIiB4bWxucz0iaHR0cDovL3d3dy53My5vcmcvMjAwMC9zdmciPjwvc3ZnPg==\" style=\"--smush-placeholder-width: 505px; --smush-placeholder-aspect-ratio: 505\/505;\" \/><\/p>\n\n\n\n<h2><b>2. SES-STERLING au FMB 2025 : conduire et optimiser vos installations de c\u00e2bles <\/b><b>gr\u00e2ce au<\/b><b> Made in France<\/b><\/h2>\n\n\n\n<p>Expert dans la fabrication d\u2019<b>accessoires de c\u00e2blage<\/b>, notre entreprise a su se sp\u00e9cialiser dans <b>la transformation des mati\u00e8res plastiques et caoutchout\u00e9es<\/b> pour vous proposer une gamme de produits adapt\u00e9s aux exigences strictes du secteur de la construction m\u00e9canique.<br \/><br \/>Nos solutions de rep\u00e9rages des c\u00e2bles sont personnalisables et b\u00e9n\u00e9ficient du <b>savoir-faire Made in France<\/b>. Notre capacit\u00e9 de production et de stockage nous permet de vous assurer des d\u00e9lais de livraison optimaux. De plus, SES-STERLING est <a href=\"https:\/\/certification.afnor.org\/qualite\/certification-afaq-iso-9001\">certifi\u00e9e ISO 9001<\/a>, garantissant un contr\u00f4le permanent de la qualit\u00e9 depuis nos ateliers de production mati\u00e8res, jusqu\u2019aux produits finis.<br \/><br \/>Venez rencontrer nos experts au FMB Bad Salzuflen 2025 sur <b>le stand CP12<\/b>, <b>halle 21<\/b> et ensemble \u00e9changeons sur vos besoins. Nous vous assurons \u00e9galement un suivi apr\u00e8s salon et une disponibilit\u00e9 optimale pour un partenariat durable.<\/p>\n\n\n","protected":false},"excerpt":{"rendered":"<p>Venez rencontrer nos experts SES-STERLING au FMB Bad Salzuflen 2025 sur le stand CP12, halle 21 et ensemble \u00e9changeons sur vos besoins.<\/p>\n<p class=\"link-more\"><a href=\"https:\/\/www.ses-sterling.com\/blog\/ses-sterling-salon-fmb-bad-salzuflen-2025\/\">Lire la suite<span class=\"screen-reader-text\"> &#8220;SES-STERLING au FMB Bad Salzuflen 2025&#8221;<\/span><\/a><\/p>\n","protected":false},"author":11,"featured_media":49149,"comment_status":"open","ping_status":"open","sticky":false,"template":"","format":"standard","meta":{"om_disable_all_campaigns":false,"_uag_custom_page_level_css":"","advgb_blocks_editor_width":"","advgb_blocks_columns_visual_guide":"","_monsterinsights_skip_tracking":false,"_monsterinsights_sitenote_active":false,"_monsterinsights_sitenote_note":"","_monsterinsights_sitenote_category":0,"footnotes":""},"categories":[24,51],"tags":[244,282,1022,402],"class_list":["post-49192","post","type-post","status-publish","format-standard","has-post-thumbnail","hentry","category-actualites-entreprise","category-salons-expositions","tag-actualites","tag-exposition","tag-fmb","tag-salon"],"aioseo_notices":[],"author_meta":{"display_name":"Speisser Camille","author_link":"https:\/\/www.ses-sterling.com\/blog\/author\/csp\/"},"featured_img":"https:\/\/www.ses-sterling.com\/blog\/wp-content\/uploads\/2025\/10\/Salon-FMB-FR-300x300.webp","uagb_featured_image_src":{"full":["https:\/\/www.ses-sterling.com\/blog\/wp-content\/uploads\/2025\/10\/Salon-FMB-FR.webp",1080,1080,false],"thumbnail":["https:\/\/www.ses-sterling.com\/blog\/wp-content\/uploads\/2025\/10\/Salon-FMB-FR-150x150.webp",150,150,true],"medium":["https:\/\/www.ses-sterling.com\/blog\/wp-content\/uploads\/2025\/10\/Salon-FMB-FR-300x300.webp",300,300,true],"medium_large":["https:\/\/www.ses-sterling.com\/blog\/wp-content\/uploads\/2025\/10\/Salon-FMB-FR-768x768.webp",525,525,true],"large":["https:\/\/www.ses-sterling.com\/blog\/wp-content\/uploads\/2025\/10\/Salon-FMB-FR-1024x1024.webp",525,525,true],"1536x1536":["https:\/\/www.ses-sterling.com\/blog\/wp-content\/uploads\/2025\/10\/Salon-FMB-FR.webp",1080,1080,false],"2048x2048":["https:\/\/www.ses-sterling.com\/blog\/wp-content\/uploads\/2025\/10\/Salon-FMB-FR.webp",1080,1080,false],"twentyseventeen-featured-image":["https:\/\/www.ses-sterling.com\/blog\/wp-content\/uploads\/2025\/10\/Salon-FMB-FR.webp",1080,1080,false],"twentyseventeen-thumbnail-avatar":["https:\/\/www.ses-sterling.com\/blog\/wp-content\/uploads\/2025\/10\/Salon-FMB-FR-100x100.webp",100,100,true],"sow-carousel-default":["https:\/\/www.ses-sterling.com\/blog\/wp-content\/uploads\/2025\/10\/Salon-FMB-FR-272x182.webp",272,182,true]},"uagb_author_info":{"display_name":"Speisser Camille","author_link":"https:\/\/www.ses-sterling.com\/blog\/author\/csp\/"},"uagb_comment_info":0,"uagb_excerpt":"Venez rencontrer nos experts SES-STERLING au FMB Bad Salzuflen 2025 sur le stand CP12, halle 21 et ensemble \u00e9changeons sur vos besoins.Lire la suite \"SES-STERLING au FMB Bad Salzuflen 2025\"","coauthors":[],"tax_additional":{"categories":{"linked":["<a href=\"https:\/\/www.ses-sterling.com\/blog\/category\/actualites-entreprise\/\" class=\"advgb-post-tax-term\">Actualit\u00e9s entreprise<\/a>","<a href=\"https:\/\/www.ses-sterling.com\/blog\/category\/actualites-entreprise\/salons-expositions\/\" class=\"advgb-post-tax-term\">Salons professionnels et expositions<\/a>"],"unlinked":["<span class=\"advgb-post-tax-term\">Actualit\u00e9s entreprise<\/span>","<span class=\"advgb-post-tax-term\">Salons professionnels et expositions<\/span>"]},"tags":{"linked":["<a href=\"https:\/\/www.ses-sterling.com\/blog\/category\/actualites-entreprise\/salons-expositions\/\" class=\"advgb-post-tax-term\">actualit\u00e9s<\/a>","<a href=\"https:\/\/www.ses-sterling.com\/blog\/category\/actualites-entreprise\/salons-expositions\/\" class=\"advgb-post-tax-term\">exposition<\/a>","<a href=\"https:\/\/www.ses-sterling.com\/blog\/category\/actualites-entreprise\/salons-expositions\/\" class=\"advgb-post-tax-term\">FMB<\/a>","<a href=\"https:\/\/www.ses-sterling.com\/blog\/category\/actualites-entreprise\/salons-expositions\/\" class=\"advgb-post-tax-term\">salon<\/a>"],"unlinked":["<span class=\"advgb-post-tax-term\">actualit\u00e9s<\/span>","<span class=\"advgb-post-tax-term\">exposition<\/span>","<span class=\"advgb-post-tax-term\">FMB<\/span>","<span class=\"advgb-post-tax-term\">salon<\/span>"]}},"comment_count":"0","relative_dates":{"created":"Publi\u00e9 6 mois il y a","modified":"Mis \u00e0 jour 6 mois il y a"},"absolute_dates":{"created":"Publi\u00e9 le 28 octobre 2025","modified":"Mise \u00e0 jour le 28 octobre 2025"},"absolute_dates_time":{"created":"Publi\u00e9 le 28 octobre 2025 11:14","modified":"Mise \u00e0 jour le 28 octobre 2025 11:16"},"featured_img_caption":"","series_order":"","_links":{"self":[{"href":"https:\/\/www.ses-sterling.com\/blog\/wp-json\/wp\/v2\/posts\/49192","targetHints":{"allow":["GET"]}}],"collection":[{"href":"https:\/\/www.ses-sterling.com\/blog\/wp-json\/wp\/v2\/posts"}],"about":[{"href":"https:\/\/www.ses-sterling.com\/blog\/wp-json\/wp\/v2\/types\/post"}],"author":[{"embeddable":true,"href":"https:\/\/www.ses-sterling.com\/blog\/wp-json\/wp\/v2\/users\/11"}],"replies":[{"embeddable":true,"href":"https:\/\/www.ses-sterling.com\/blog\/wp-json\/wp\/v2\/comments?post=49192"}],"version-history":[{"count":7,"href":"https:\/\/www.ses-sterling.com\/blog\/wp-json\/wp\/v2\/posts\/49192\/revisions"}],"predecessor-version":[{"id":49199,"href":"https:\/\/www.ses-sterling.com\/blog\/wp-json\/wp\/v2\/posts\/49192\/revisions\/49199"}],"wp:featuredmedia":[{"embeddable":true,"href":"https:\/\/www.ses-sterling.com\/blog\/wp-json\/wp\/v2\/media\/49149"}],"wp:attachment":[{"href":"https:\/\/www.ses-sterling.com\/blog\/wp-json\/wp\/v2\/media?parent=49192"}],"wp:term":[{"taxonomy":"category","embeddable":true,"href":"https:\/\/www.ses-sterling.com\/blog\/wp-json\/wp\/v2\/categories?post=49192"},{"taxonomy":"post_tag","embeddable":true,"href":"https:\/\/www.ses-sterling.com\/blog\/wp-json\/wp\/v2\/tags?post=49192"}],"curies":[{"name":"wp","href":"https:\/\/api.w.org\/{rel}","templated":true}]}}